{"id":5665,"date":"2025-07-23T14:51:47","date_gmt":"2025-07-23T13:51:47","guid":{"rendered":"https:\/\/ekonseil-rh.fr\/?p=5665"},"modified":"2025-07-23T14:51:48","modified_gmt":"2025-07-23T13:51:48","slug":"face-artois-presente-son-nouveau-bureau-une-gouvernance-engagee-pour-linclusion-et-legalite-des-chances","status":"publish","type":"post","link":"https:\/\/ekonseil-rh.fr\/face-artois-presente-son-nouveau-bureau-une-gouvernance-engagee-pour-linclusion-et-legalite-des-chances\/","title":{"rendered":"FACE Artois pr\u00e9sente son nouveau bureau : Une gouvernance engag\u00e9e pour l\u2019inclusion et l\u2019\u00e9galit\u00e9 des chances"},"content":{"rendered":"\n<p>Lors de son <strong>Conseil d\u2019Administration du 26 juin 2025<\/strong>, <strong>FACE Artois<\/strong> a d\u00e9voil\u00e9 la composition de son nouveau bureau. Cette gouvernance renouvel\u00e9e r\u00e9unit des femmes et des hommes engag\u00e9s, issus d\u2019entreprises partenaires, qui partagent une vision commune : <strong>favoriser l\u2019inclusion, garantir l\u2019\u00e9galit\u00e9 des chances et renforcer l\u2019engagement local<\/strong>.<\/p>\n\n\n\n<p>Ce nouveau bureau s\u2019inscrit dans la continuit\u00e9 des actions men\u00e9es par FACE Artois et pr\u00e9pare de nouveaux projets pour renforcer l\u2019impact social et \u00e9conomique sur le territoire.<\/p>\n\n\n\n<p><strong>Un grand merci<\/strong> aux administrateurs pour leur confiance et <strong>f\u00e9licitations<\/strong> \u00e0 cette \u00e9quipe dynamique, pr\u00eate \u00e0 \u00e9crire une nouvelle page de l\u2019histoire de FACE Artois.<\/p>\n\n\n\n<figure class=\"wp-block-image size-full\"><a href=\"https:\/\/ekonseil-rh.fr\/wp-content\/uploads\/2025\/07\/image.png\"><img loading=\"lazy\" decoding=\"async\" width=\"800\" height=\"800\" src=\"https:\/\/ekonseil-rh.fr\/wp-content\/uploads\/2025\/07\/image.png\" alt=\"\" class=\"wp-image-5666\" srcset=\"https:\/\/ekonseil-rh.fr\/wp-content\/uploads\/2025\/07\/image.png 800w, https:\/\/ekonseil-rh.fr\/wp-content\/uploads\/2025\/07\/image-300x300.png 300w, https:\/\/ekonseil-rh.fr\/wp-content\/uploads\/2025\/07\/image-150x150.png 150w, https:\/\/ekonseil-rh.fr\/wp-content\/uploads\/2025\/07\/image-768x768.png 768w, https:\/\/ekonseil-rh.fr\/wp-content\/uploads\/2025\/07\/image-100x100.png 100w\" sizes=\"(max-width: 800px) 100vw, 800px\" \/><\/a><\/figure>\n","protected":false},"excerpt":{"rendered":"<p>\u00c0 l\u2019issue du Conseil d\u2019Administration du 26 juin 2025, FACE Artois a d\u00e9voil\u00e9 la composition de son nouveau bureau. Une \u00e9quipe mixte et engag\u00e9e, d\u00e9termin\u00e9e \u00e0 porter les valeurs de la Fondation FACE : inclusion, \u00e9galit\u00e9 des chances et engagement local.<\/p>\n","protected":false},"author":3,"featured_media":5668,"comment_status":"closed","ping_status":"open","sticky":false,"template":"","format":"standard","meta":{"_eb_attr":"","footnotes":""},"categories":[76,99],"tags":[],"blocksy_meta":[],"featured_image_urls":{"full":["https:\/\/ekonseil-rh.fr\/wp-content\/uploads\/2025\/07\/croppedimage-9c4ad673f36341a0bccb9178029b9cd6.png",784,441,false],"thumbnail":["https:\/\/ekonseil-rh.fr\/wp-content\/uploads\/2025\/07\/croppedimage-9c4ad673f36341a0bccb9178029b9cd6-150x150.png",150,150,true],"medium":["https:\/\/ekonseil-rh.fr\/wp-content\/uploads\/2025\/07\/croppedimage-9c4ad673f36341a0bccb9178029b9cd6-300x169.png",300,169,true],"medium_large":["https:\/\/ekonseil-rh.fr\/wp-content\/uploads\/2025\/07\/croppedimage-9c4ad673f36341a0bccb9178029b9cd6-768x432.png",768,432,true],"large":["https:\/\/ekonseil-rh.fr\/wp-content\/uploads\/2025\/07\/croppedimage-9c4ad673f36341a0bccb9178029b9cd6.png",784,441,false],"course_archive_thumbnail":["https:\/\/ekonseil-rh.fr\/wp-content\/uploads\/2025\/07\/croppedimage-9c4ad673f36341a0bccb9178029b9cd6-100x56.png",100,56,true],"course_single_thumbnail":["https:\/\/ekonseil-rh.fr\/wp-content\/uploads\/2025\/07\/croppedimage-9c4ad673f36341a0bccb9178029b9cd6-100x56.png",100,56,true],"lesson_archive_thumbnail":["https:\/\/ekonseil-rh.fr\/wp-content\/uploads\/2025\/07\/croppedimage-9c4ad673f36341a0bccb9178029b9cd6-100x56.png",100,56,true],"lesson_single_thumbnail":["https:\/\/ekonseil-rh.fr\/wp-content\/uploads\/2025\/07\/croppedimage-9c4ad673f36341a0bccb9178029b9cd6-100x56.png",100,56,true],"1536x1536":["https:\/\/ekonseil-rh.fr\/wp-content\/uploads\/2025\/07\/croppedimage-9c4ad673f36341a0bccb9178029b9cd6.png",784,441,false],"2048x2048":["https:\/\/ekonseil-rh.fr\/wp-content\/uploads\/2025\/07\/croppedimage-9c4ad673f36341a0bccb9178029b9cd6.png",784,441,false]},"post_excerpt_stackable":"<p>\u00c0 l\u2019issue du Conseil d\u2019Administration du 26 juin 2025, FACE Artois a d\u00e9voil\u00e9 la composition de son nouveau bureau. Une \u00e9quipe mixte et engag\u00e9e, d\u00e9termin\u00e9e \u00e0 porter les valeurs de la Fondation FACE : inclusion, \u00e9galit\u00e9 des chances et engagement local.<\/p>\n","category_list":"<a href=\"https:\/\/ekonseil-rh.fr\/category\/evenementielle\/\" rel=\"category tag\">\u00e9v\u00e9nementielle<\/a>, <a href=\"https:\/\/ekonseil-rh.fr\/category\/partenariat\/\" rel=\"category tag\">Partenariat<\/a>","author_info":{"name":"E-KONSEIL RH","url":"https:\/\/ekonseil-rh.fr\/author\/lderache\/"},"comments_num":"0 commentaire","yoast_head":"<!-- This site is optimized with the Yoast SEO plugin v21.8 - https:\/\/yoast.com\/wordpress\/plugins\/seo\/ -->\n<title>FACE Artois pr\u00e9sente son nouveau bureau : Une gouvernance engag\u00e9e pour l\u2019inclusion et l\u2019\u00e9galit\u00e9 des chances - E- KONSEIL RH<\/title>\n<meta name=\"robots\" content=\"index, follow, max-snippet:-1, max-image-preview:large, max-video-preview:-1\" \/>\n<link rel=\"canonical\" href=\"https:\/\/ekonseil-rh.fr\/face-artois-presente-son-nouveau-bureau-une-gouvernance-engagee-pour-linclusion-et-legalite-des-chances\/\" \/>\n<meta property=\"og:locale\" content=\"fr_FR\" \/>\n<meta property=\"og:type\" content=\"article\" \/>\n<meta property=\"og:title\" content=\"FACE Artois pr\u00e9sente son nouveau bureau : Une gouvernance engag\u00e9e pour l\u2019inclusion et l\u2019\u00e9galit\u00e9 des chances - E- KONSEIL RH\" \/>\n<meta property=\"og:description\" content=\"\u00c0 l\u2019issue du Conseil d\u2019Administration du 26 juin 2025, FACE Artois a d\u00e9voil\u00e9 la composition de son nouveau bureau. Une \u00e9quipe mixte et engag\u00e9e, d\u00e9termin\u00e9e \u00e0 porter les valeurs de la Fondation FACE : inclusion, \u00e9galit\u00e9 des chances et engagement local.\" \/>\n<meta property=\"og:url\" content=\"https:\/\/ekonseil-rh.fr\/face-artois-presente-son-nouveau-bureau-une-gouvernance-engagee-pour-linclusion-et-legalite-des-chances\/\" \/>\n<meta property=\"og:site_name\" content=\"E- KONSEIL RH\" \/>\n<meta property=\"article:publisher\" content=\"https:\/\/www.facebook.com\/EKonseilRH\/\" \/>\n<meta property=\"article:published_time\" content=\"2025-07-23T13:51:47+00:00\" \/>\n<meta property=\"article:modified_time\" content=\"2025-07-23T13:51:48+00:00\" \/>\n<meta property=\"og:image\" content=\"https:\/\/ekonseil-rh.fr\/wp-content\/uploads\/2025\/07\/croppedimage-9c4ad673f36341a0bccb9178029b9cd6.png\" \/>\n\t<meta property=\"og:image:width\" content=\"784\" \/>\n\t<meta property=\"og:image:height\" content=\"441\" \/>\n\t<meta property=\"og:image:type\" content=\"image\/png\" \/>\n<meta name=\"author\" content=\"E-KONSEIL RH\" \/>\n<meta name=\"twitter:card\" content=\"summary_large_image\" \/>\n<meta name=\"twitter:creator\" content=\"@ekonseilrh\" \/>\n<meta name=\"twitter:site\" content=\"@ekonseilrh\" \/>\n<meta name=\"twitter:label1\" content=\"\u00c9crit par\" \/>\n\t<meta name=\"twitter:data1\" content=\"E-KONSEIL RH\" \/>\n\t<meta name=\"twitter:label2\" content=\"Dur\u00e9e de lecture estim\u00e9e\" \/>\n\t<meta name=\"twitter:data2\" content=\"1 minute\" \/>\n<script type=\"application\/ld+json\" class=\"yoast-schema-graph\">{\"@context\":\"https:\/\/schema.org\",\"@graph\":[{\"@type\":\"Article\",\"@id\":\"https:\/\/ekonseil-rh.fr\/face-artois-presente-son-nouveau-bureau-une-gouvernance-engagee-pour-linclusion-et-legalite-des-chances\/#article\",\"isPartOf\":{\"@id\":\"https:\/\/ekonseil-rh.fr\/face-artois-presente-son-nouveau-bureau-une-gouvernance-engagee-pour-linclusion-et-legalite-des-chances\/\"},\"author\":{\"name\":\"E-KONSEIL RH\",\"@id\":\"https:\/\/ekonseil-rh.fr\/#\/schema\/person\/ae40df95309441731cd1219d04a7630d\"},\"headline\":\"FACE Artois pr\u00e9sente son nouveau bureau : Une gouvernance engag\u00e9e pour l\u2019inclusion et l\u2019\u00e9galit\u00e9 des chances\",\"datePublished\":\"2025-07-23T13:51:47+00:00\",\"dateModified\":\"2025-07-23T13:51:48+00:00\",\"mainEntityOfPage\":{\"@id\":\"https:\/\/ekonseil-rh.fr\/face-artois-presente-son-nouveau-bureau-une-gouvernance-engagee-pour-linclusion-et-legalite-des-chances\/\"},\"wordCount\":130,\"publisher\":{\"@id\":\"https:\/\/ekonseil-rh.fr\/#organization\"},\"articleSection\":[\"\u00e9v\u00e9nementielle\",\"Partenariat\"],\"inLanguage\":\"fr-FR\"},{\"@type\":\"WebPage\",\"@id\":\"https:\/\/ekonseil-rh.fr\/face-artois-presente-son-nouveau-bureau-une-gouvernance-engagee-pour-linclusion-et-legalite-des-chances\/\",\"url\":\"https:\/\/ekonseil-rh.fr\/face-artois-presente-son-nouveau-bureau-une-gouvernance-engagee-pour-linclusion-et-legalite-des-chances\/\",\"name\":\"FACE Artois pr\u00e9sente son nouveau bureau : Une gouvernance engag\u00e9e pour l\u2019inclusion et l\u2019\u00e9galit\u00e9 des chances - E- KONSEIL RH\",\"isPartOf\":{\"@id\":\"https:\/\/ekonseil-rh.fr\/#website\"},\"datePublished\":\"2025-07-23T13:51:47+00:00\",\"dateModified\":\"2025-07-23T13:51:48+00:00\",\"inLanguage\":\"fr-FR\",\"potentialAction\":[{\"@type\":\"ReadAction\",\"target\":[\"https:\/\/ekonseil-rh.fr\/face-artois-presente-son-nouveau-bureau-une-gouvernance-engagee-pour-linclusion-et-legalite-des-chances\/\"]}]},{\"@type\":\"WebSite\",\"@id\":\"https:\/\/ekonseil-rh.fr\/#website\",\"url\":\"https:\/\/ekonseil-rh.fr\/\",\"name\":\"E- KONSEIL RH\",\"description\":\"Notre exp\u00e9rience m\u00e8ne \u00e0 votre r\u00e9ussite\",\"publisher\":{\"@id\":\"https:\/\/ekonseil-rh.fr\/#organization\"},\"potentialAction\":[{\"@type\":\"SearchAction\",\"target\":{\"@type\":\"EntryPoint\",\"urlTemplate\":\"https:\/\/ekonseil-rh.fr\/?s={search_term_string}\"},\"query-input\":\"required name=search_term_string\"}],\"inLanguage\":\"fr-FR\"},{\"@type\":\"Organization\",\"@id\":\"https:\/\/ekonseil-rh.fr\/#organization\",\"name\":\"E- KONSEIL RH\",\"url\":\"https:\/\/ekonseil-rh.fr\/\",\"logo\":{\"@type\":\"ImageObject\",\"inLanguage\":\"fr-FR\",\"@id\":\"https:\/\/ekonseil-rh.fr\/#\/schema\/logo\/image\/\",\"url\":\"https:\/\/ekonseil-rh.fr\/wp-content\/uploads\/2024\/10\/Logo-E-KONSEIL-RH-Bleu-noir.png\",\"contentUrl\":\"https:\/\/ekonseil-rh.fr\/wp-content\/uploads\/2024\/10\/Logo-E-KONSEIL-RH-Bleu-noir.png\",\"width\":2566,\"height\":864,\"caption\":\"E- KONSEIL RH\"},\"image\":{\"@id\":\"https:\/\/ekonseil-rh.fr\/#\/schema\/logo\/image\/\"},\"sameAs\":[\"https:\/\/www.facebook.com\/EKonseilRH\/\",\"https:\/\/twitter.com\/ekonseilrh\",\"https:\/\/fr.linkedin.com\/in\/laurence-derache-22766b30\"]},{\"@type\":\"Person\",\"@id\":\"https:\/\/ekonseil-rh.fr\/#\/schema\/person\/ae40df95309441731cd1219d04a7630d\",\"name\":\"E-KONSEIL RH\",\"image\":{\"@type\":\"ImageObject\",\"inLanguage\":\"fr-FR\",\"@id\":\"https:\/\/ekonseil-rh.fr\/#\/schema\/person\/image\/\",\"url\":\"https:\/\/secure.gravatar.com\/avatar\/d509340c0191282214e3820d1a128a39?s=96&d=blank&r=g\",\"contentUrl\":\"https:\/\/secure.gravatar.com\/avatar\/d509340c0191282214e3820d1a128a39?s=96&d=blank&r=g\",\"caption\":\"E-KONSEIL RH\"},\"sameAs\":[\"https:\/\/www.ekonseil-rh.fr\"]}]}<\/script>\n<!-- \/ Yoast SEO plugin. -->","yoast_head_json":{"title":"FACE Artois pr\u00e9sente son nouveau bureau : Une gouvernance engag\u00e9e pour l\u2019inclusion et l\u2019\u00e9galit\u00e9 des chances - E- KONSEIL RH","robots":{"index":"index","follow":"follow","max-snippet":"max-snippet:-1","max-image-preview":"max-image-preview:large","max-video-preview":"max-video-preview:-1"},"canonical":"https:\/\/ekonseil-rh.fr\/face-artois-presente-son-nouveau-bureau-une-gouvernance-engagee-pour-linclusion-et-legalite-des-chances\/","og_locale":"fr_FR","og_type":"article","og_title":"FACE Artois pr\u00e9sente son nouveau bureau : Une gouvernance engag\u00e9e pour l\u2019inclusion et l\u2019\u00e9galit\u00e9 des chances - E- KONSEIL RH","og_description":"\u00c0 l\u2019issue du Conseil d\u2019Administration du 26 juin 2025, FACE Artois a d\u00e9voil\u00e9 la composition de son nouveau bureau. Une \u00e9quipe mixte et engag\u00e9e, d\u00e9termin\u00e9e \u00e0 porter les valeurs de la Fondation FACE : inclusion, \u00e9galit\u00e9 des chances et engagement local.","og_url":"https:\/\/ekonseil-rh.fr\/face-artois-presente-son-nouveau-bureau-une-gouvernance-engagee-pour-linclusion-et-legalite-des-chances\/","og_site_name":"E- KONSEIL RH","article_publisher":"https:\/\/www.facebook.com\/EKonseilRH\/","article_published_time":"2025-07-23T13:51:47+00:00","article_modified_time":"2025-07-23T13:51:48+00:00","og_image":[{"width":784,"height":441,"url":"https:\/\/ekonseil-rh.fr\/wp-content\/uploads\/2025\/07\/croppedimage-9c4ad673f36341a0bccb9178029b9cd6.png","type":"image\/png"}],"author":"E-KONSEIL RH","twitter_card":"summary_large_image","twitter_creator":"@ekonseilrh","twitter_site":"@ekonseilrh","twitter_misc":{"\u00c9crit par":"E-KONSEIL RH","Dur\u00e9e de lecture estim\u00e9e":"1 minute"},"schema":{"@context":"https:\/\/schema.org","@graph":[{"@type":"Article","@id":"https:\/\/ekonseil-rh.fr\/face-artois-presente-son-nouveau-bureau-une-gouvernance-engagee-pour-linclusion-et-legalite-des-chances\/#article","isPartOf":{"@id":"https:\/\/ekonseil-rh.fr\/face-artois-presente-son-nouveau-bureau-une-gouvernance-engagee-pour-linclusion-et-legalite-des-chances\/"},"author":{"name":"E-KONSEIL RH","@id":"https:\/\/ekonseil-rh.fr\/#\/schema\/person\/ae40df95309441731cd1219d04a7630d"},"headline":"FACE Artois pr\u00e9sente son nouveau bureau : Une gouvernance engag\u00e9e pour l\u2019inclusion et l\u2019\u00e9galit\u00e9 des chances","datePublished":"2025-07-23T13:51:47+00:00","dateModified":"2025-07-23T13:51:48+00:00","mainEntityOfPage":{"@id":"https:\/\/ekonseil-rh.fr\/face-artois-presente-son-nouveau-bureau-une-gouvernance-engagee-pour-linclusion-et-legalite-des-chances\/"},"wordCount":130,"publisher":{"@id":"https:\/\/ekonseil-rh.fr\/#organization"},"articleSection":["\u00e9v\u00e9nementielle","Partenariat"],"inLanguage":"fr-FR"},{"@type":"WebPage","@id":"https:\/\/ekonseil-rh.fr\/face-artois-presente-son-nouveau-bureau-une-gouvernance-engagee-pour-linclusion-et-legalite-des-chances\/","url":"https:\/\/ekonseil-rh.fr\/face-artois-presente-son-nouveau-bureau-une-gouvernance-engagee-pour-linclusion-et-legalite-des-chances\/","name":"FACE Artois pr\u00e9sente son nouveau bureau : Une gouvernance engag\u00e9e pour l\u2019inclusion et l\u2019\u00e9galit\u00e9 des chances - E- KONSEIL RH","isPartOf":{"@id":"https:\/\/ekonseil-rh.fr\/#website"},"datePublished":"2025-07-23T13:51:47+00:00","dateModified":"2025-07-23T13:51:48+00:00","inLanguage":"fr-FR","potentialAction":[{"@type":"ReadAction","target":["https:\/\/ekonseil-rh.fr\/face-artois-presente-son-nouveau-bureau-une-gouvernance-engagee-pour-linclusion-et-legalite-des-chances\/"]}]},{"@type":"WebSite","@id":"https:\/\/ekonseil-rh.fr\/#website","url":"https:\/\/ekonseil-rh.fr\/","name":"E- KONSEIL RH","description":"Notre exp\u00e9rience m\u00e8ne \u00e0 votre r\u00e9ussite","publisher":{"@id":"https:\/\/ekonseil-rh.fr\/#organization"},"potentialAction":[{"@type":"SearchAction","target":{"@type":"EntryPoint","urlTemplate":"https:\/\/ekonseil-rh.fr\/?s={search_term_string}"},"query-input":"required name=search_term_string"}],"inLanguage":"fr-FR"},{"@type":"Organization","@id":"https:\/\/ekonseil-rh.fr\/#organization","name":"E- KONSEIL RH","url":"https:\/\/ekonseil-rh.fr\/","logo":{"@type":"ImageObject","inLanguage":"fr-FR","@id":"https:\/\/ekonseil-rh.fr\/#\/schema\/logo\/image\/","url":"https:\/\/ekonseil-rh.fr\/wp-content\/uploads\/2024\/10\/Logo-E-KONSEIL-RH-Bleu-noir.png","contentUrl":"https:\/\/ekonseil-rh.fr\/wp-content\/uploads\/2024\/10\/Logo-E-KONSEIL-RH-Bleu-noir.png","width":2566,"height":864,"caption":"E- KONSEIL RH"},"image":{"@id":"https:\/\/ekonseil-rh.fr\/#\/schema\/logo\/image\/"},"sameAs":["https:\/\/www.facebook.com\/EKonseilRH\/","https:\/\/twitter.com\/ekonseilrh","https:\/\/fr.linkedin.com\/in\/laurence-derache-22766b30"]},{"@type":"Person","@id":"https:\/\/ekonseil-rh.fr\/#\/schema\/person\/ae40df95309441731cd1219d04a7630d","name":"E-KONSEIL RH","image":{"@type":"ImageObject","inLanguage":"fr-FR","@id":"https:\/\/ekonseil-rh.fr\/#\/schema\/person\/image\/","url":"https:\/\/secure.gravatar.com\/avatar\/d509340c0191282214e3820d1a128a39?s=96&d=blank&r=g","contentUrl":"https:\/\/secure.gravatar.com\/avatar\/d509340c0191282214e3820d1a128a39?s=96&d=blank&r=g","caption":"E-KONSEIL RH"},"sameAs":["https:\/\/www.ekonseil-rh.fr"]}]}},"_links":{"self":[{"href":"https:\/\/ekonseil-rh.fr\/wp_json\/wp\/v2\/posts\/5665"}],"collection":[{"href":"https:\/\/ekonseil-rh.fr\/wp_json\/wp\/v2\/posts"}],"about":[{"href":"https:\/\/ekonseil-rh.fr\/wp_json\/wp\/v2\/types\/post"}],"author":[{"embeddable":true,"href":"https:\/\/ekonseil-rh.fr\/wp_json\/wp\/v2\/users\/3"}],"replies":[{"embeddable":true,"href":"https:\/\/ekonseil-rh.fr\/wp_json\/wp\/v2\/comments?post=5665"}],"version-history":[{"count":2,"href":"https:\/\/ekonseil-rh.fr\/wp_json\/wp\/v2\/posts\/5665\/revisions"}],"predecessor-version":[{"id":5669,"href":"https:\/\/ekonseil-rh.fr\/wp_json\/wp\/v2\/posts\/5665\/revisions\/5669"}],"wp:featuredmedia":[{"embeddable":true,"href":"https:\/\/ekonseil-rh.fr\/wp_json\/wp\/v2\/media\/5668"}],"wp:attachment":[{"href":"https:\/\/ekonseil-rh.fr\/wp_json\/wp\/v2\/media?parent=5665"}],"wp:term":[{"taxonomy":"category","embeddable":true,"href":"https:\/\/ekonseil-rh.fr\/wp_json\/wp\/v2\/categories?post=5665"},{"taxonomy":"post_tag","embeddable":true,"href":"https:\/\/ekonseil-rh.fr\/wp_json\/wp\/v2\/tags?post=5665"}],"curies":[{"name":"wp","href":"https:\/\/api.w.org\/{rel}","templated":true}]}}