{"id":5653,"date":"2025-06-24T09:32:34","date_gmt":"2025-06-24T08:32:34","guid":{"rendered":"https:\/\/ekonseil-rh.fr\/?p=5653"},"modified":"2025-06-24T09:32:36","modified_gmt":"2025-06-24T08:32:36","slug":"matinale-face-artois-generation-z-engagement-et-adaptation-des-pratiques-manageriales","status":"publish","type":"post","link":"https:\/\/ekonseil-rh.fr\/matinale-face-artois-generation-z-engagement-et-adaptation-des-pratiques-manageriales\/","title":{"rendered":"Matinale FACE Artois : G\u00e9n\u00e9ration Z, engagement et adaptation des pratiques manag\u00e9riales"},"content":{"rendered":"\n<p><strong>E-KONSEIL RH<\/strong> aura le plaisir d\u2019intervenir le <strong>jeudi 10 juillet<\/strong>, de <strong>8h30 \u00e0 10h30<\/strong>, \u00e0 <strong>Saint-Laurent-Blangy<\/strong>, dans le cadre de la <strong>Matinale organis\u00e9e par FACE Artois<\/strong>, sur le th\u00e8me :<\/p>\n\n\n\n<p><strong>\u00ab D\u00e9coder les attentes de la G\u00e9n\u00e9ration Z, adapter nos pratiques, booster leur engagement ! \u00bb<\/strong><\/p>\n\n\n\n<p>Cette rencontre vise \u00e0 donner des cl\u00e9s de compr\u00e9hension aux employeurs, managers et acteurs RH pour mieux cerner les aspirations de cette nouvelle g\u00e9n\u00e9ration qui red\u00e9finit les codes du monde du travail.<\/p>\n\n\n\n<p>En partenariat avec <strong>l\u2019APEC<\/strong> et le <strong>Groupe D\u00e9cima<\/strong>, cette matin\u00e9e proposera un temps d\u2019\u00e9changes autour de plusieurs enjeux concrets :<\/p>\n\n\n\n<ul>\n<li>Qu\u2019est-ce qui motive aujourd\u2019hui les jeunes actifs ?<\/li>\n\n\n\n<li>Quels leviers activer pour favoriser leur engagement et leur fid\u00e9lisation ?<\/li>\n\n\n\n<li>Comment faire \u00e9voluer les pratiques manag\u00e9riales pour r\u00e9pondre \u00e0 leurs attentes ?<\/li>\n<\/ul>\n\n\n\n<p>Une occasion de partager des retours d\u2019exp\u00e9rience et des pistes d\u2019action concr\u00e8tes \u00e0 int\u00e9grer dans vos strat\u00e9gies RH.<\/p>\n\n\n\n<p><strong><span style=\"text-decoration: underline;\">Lieu<\/span><\/strong> : Rue F. Hennebique, Saint-Laurent-Blangy<\/p>\n","protected":false},"excerpt":{"rendered":"<p>Le jeudi 10 juillet 2025, E-KONSEIL RH interviendra lors de la Matinale FACE Artois pour \u00e9changer autour d\u2019un sujet d\u2019actualit\u00e9 RH : comment mieux comprendre la G\u00e9n\u00e9ration Z et adapter les pratiques professionnelles pour favoriser son engagement.<\/p>\n","protected":false},"author":3,"featured_media":5654,"comment_status":"closed","ping_status":"open","sticky":false,"template":"","format":"standard","meta":{"_eb_attr":"","footnotes":""},"categories":[76,99],"tags":[],"blocksy_meta":[],"featured_image_urls":{"full":["https:\/\/ekonseil-rh.fr\/wp-content\/uploads\/2025\/06\/FACE-Matinale_250627.jpg",1080,1080,false],"thumbnail":["https:\/\/ekonseil-rh.fr\/wp-content\/uploads\/2025\/06\/FACE-Matinale_250627-150x150.jpg",150,150,true],"medium":["https:\/\/ekonseil-rh.fr\/wp-content\/uploads\/2025\/06\/FACE-Matinale_250627-300x300.jpg",300,300,true],"medium_large":["https:\/\/ekonseil-rh.fr\/wp-content\/uploads\/2025\/06\/FACE-Matinale_250627-768x768.jpg",768,768,true],"large":["https:\/\/ekonseil-rh.fr\/wp-content\/uploads\/2025\/06\/FACE-Matinale_250627-1024x1024.jpg",1024,1024,true],"course_archive_thumbnail":["https:\/\/ekonseil-rh.fr\/wp-content\/uploads\/2025\/06\/FACE-Matinale_250627-100x100.jpg",100,100,true],"course_single_thumbnail":["https:\/\/ekonseil-rh.fr\/wp-content\/uploads\/2025\/06\/FACE-Matinale_250627-100x100.jpg",100,100,true],"lesson_archive_thumbnail":["https:\/\/ekonseil-rh.fr\/wp-content\/uploads\/2025\/06\/FACE-Matinale_250627-100x100.jpg",100,100,true],"lesson_single_thumbnail":["https:\/\/ekonseil-rh.fr\/wp-content\/uploads\/2025\/06\/FACE-Matinale_250627-100x100.jpg",100,100,true],"1536x1536":["https:\/\/ekonseil-rh.fr\/wp-content\/uploads\/2025\/06\/FACE-Matinale_250627.jpg",1080,1080,false],"2048x2048":["https:\/\/ekonseil-rh.fr\/wp-content\/uploads\/2025\/06\/FACE-Matinale_250627.jpg",1080,1080,false]},"post_excerpt_stackable":"<p>Le jeudi 10 juillet 2025, E-KONSEIL RH interviendra lors de la Matinale FACE Artois pour \u00e9changer autour d\u2019un sujet d\u2019actualit\u00e9 RH : comment mieux comprendre la G\u00e9n\u00e9ration Z et adapter les pratiques professionnelles pour favoriser son engagement.<\/p>\n","category_list":"<a href=\"https:\/\/ekonseil-rh.fr\/category\/evenementielle\/\" rel=\"category tag\">\u00e9v\u00e9nementielle<\/a>, <a href=\"https:\/\/ekonseil-rh.fr\/category\/partenariat\/\" rel=\"category tag\">Partenariat<\/a>","author_info":{"name":"E-KONSEIL RH","url":"https:\/\/ekonseil-rh.fr\/author\/lderache\/"},"comments_num":"0 commentaire","yoast_head":"<!-- This site is optimized with the Yoast SEO plugin v21.8 - https:\/\/yoast.com\/wordpress\/plugins\/seo\/ -->\n<title>Matinale FACE Artois : G\u00e9n\u00e9ration Z, engagement et adaptation des pratiques manag\u00e9riales - E- KONSEIL RH<\/title>\n<meta name=\"robots\" content=\"index, follow, max-snippet:-1, max-image-preview:large, max-video-preview:-1\" \/>\n<link rel=\"canonical\" href=\"https:\/\/ekonseil-rh.fr\/matinale-face-artois-generation-z-engagement-et-adaptation-des-pratiques-manageriales\/\" \/>\n<meta property=\"og:locale\" content=\"fr_FR\" \/>\n<meta property=\"og:type\" content=\"article\" \/>\n<meta property=\"og:title\" content=\"Matinale FACE Artois : G\u00e9n\u00e9ration Z, engagement et adaptation des pratiques manag\u00e9riales - E- KONSEIL RH\" \/>\n<meta property=\"og:description\" content=\"Le jeudi 10 juillet 2025, E-KONSEIL RH interviendra lors de la Matinale FACE Artois pour \u00e9changer autour d\u2019un sujet d\u2019actualit\u00e9 RH : comment mieux comprendre la G\u00e9n\u00e9ration Z et adapter les pratiques professionnelles pour favoriser son engagement.\" \/>\n<meta property=\"og:url\" content=\"https:\/\/ekonseil-rh.fr\/matinale-face-artois-generation-z-engagement-et-adaptation-des-pratiques-manageriales\/\" \/>\n<meta property=\"og:site_name\" content=\"E- KONSEIL RH\" \/>\n<meta property=\"article:publisher\" content=\"https:\/\/www.facebook.com\/EKonseilRH\/\" \/>\n<meta property=\"article:published_time\" content=\"2025-06-24T08:32:34+00:00\" \/>\n<meta property=\"article:modified_time\" content=\"2025-06-24T08:32:36+00:00\" \/>\n<meta property=\"og:image\" content=\"https:\/\/ekonseil-rh.fr\/wp-content\/uploads\/2025\/06\/FACE-Matinale_250627.jpg\" \/>\n\t<meta property=\"og:image:width\" content=\"1080\" \/>\n\t<meta property=\"og:image:height\" content=\"1080\" \/>\n\t<meta property=\"og:image:type\" content=\"image\/jpeg\" \/>\n<meta name=\"author\" content=\"E-KONSEIL RH\" \/>\n<meta name=\"twitter:card\" content=\"summary_large_image\" \/>\n<meta name=\"twitter:creator\" content=\"@ekonseilrh\" \/>\n<meta name=\"twitter:site\" content=\"@ekonseilrh\" \/>\n<meta name=\"twitter:label1\" content=\"\u00c9crit par\" \/>\n\t<meta name=\"twitter:data1\" content=\"E-KONSEIL RH\" \/>\n\t<meta name=\"twitter:label2\" content=\"Dur\u00e9e de lecture estim\u00e9e\" \/>\n\t<meta name=\"twitter:data2\" content=\"1 minute\" \/>\n<script type=\"application\/ld+json\" class=\"yoast-schema-graph\">{\"@context\":\"https:\/\/schema.org\",\"@graph\":[{\"@type\":\"Article\",\"@id\":\"https:\/\/ekonseil-rh.fr\/matinale-face-artois-generation-z-engagement-et-adaptation-des-pratiques-manageriales\/#article\",\"isPartOf\":{\"@id\":\"https:\/\/ekonseil-rh.fr\/matinale-face-artois-generation-z-engagement-et-adaptation-des-pratiques-manageriales\/\"},\"author\":{\"name\":\"E-KONSEIL RH\",\"@id\":\"https:\/\/ekonseil-rh.fr\/#\/schema\/person\/ae40df95309441731cd1219d04a7630d\"},\"headline\":\"Matinale FACE Artois : G\u00e9n\u00e9ration Z, engagement et adaptation des pratiques manag\u00e9riales\",\"datePublished\":\"2025-06-24T08:32:34+00:00\",\"dateModified\":\"2025-06-24T08:32:36+00:00\",\"mainEntityOfPage\":{\"@id\":\"https:\/\/ekonseil-rh.fr\/matinale-face-artois-generation-z-engagement-et-adaptation-des-pratiques-manageriales\/\"},\"wordCount\":178,\"publisher\":{\"@id\":\"https:\/\/ekonseil-rh.fr\/#organization\"},\"articleSection\":[\"\u00e9v\u00e9nementielle\",\"Partenariat\"],\"inLanguage\":\"fr-FR\"},{\"@type\":\"WebPage\",\"@id\":\"https:\/\/ekonseil-rh.fr\/matinale-face-artois-generation-z-engagement-et-adaptation-des-pratiques-manageriales\/\",\"url\":\"https:\/\/ekonseil-rh.fr\/matinale-face-artois-generation-z-engagement-et-adaptation-des-pratiques-manageriales\/\",\"name\":\"Matinale FACE Artois : G\u00e9n\u00e9ration Z, engagement et adaptation des pratiques manag\u00e9riales - E- KONSEIL RH\",\"isPartOf\":{\"@id\":\"https:\/\/ekonseil-rh.fr\/#website\"},\"datePublished\":\"2025-06-24T08:32:34+00:00\",\"dateModified\":\"2025-06-24T08:32:36+00:00\",\"inLanguage\":\"fr-FR\",\"potentialAction\":[{\"@type\":\"ReadAction\",\"target\":[\"https:\/\/ekonseil-rh.fr\/matinale-face-artois-generation-z-engagement-et-adaptation-des-pratiques-manageriales\/\"]}]},{\"@type\":\"WebSite\",\"@id\":\"https:\/\/ekonseil-rh.fr\/#website\",\"url\":\"https:\/\/ekonseil-rh.fr\/\",\"name\":\"E- KONSEIL RH\",\"description\":\"Notre exp\u00e9rience m\u00e8ne \u00e0 votre r\u00e9ussite\",\"publisher\":{\"@id\":\"https:\/\/ekonseil-rh.fr\/#organization\"},\"potentialAction\":[{\"@type\":\"SearchAction\",\"target\":{\"@type\":\"EntryPoint\",\"urlTemplate\":\"https:\/\/ekonseil-rh.fr\/?s={search_term_string}\"},\"query-input\":\"required name=search_term_string\"}],\"inLanguage\":\"fr-FR\"},{\"@type\":\"Organization\",\"@id\":\"https:\/\/ekonseil-rh.fr\/#organization\",\"name\":\"E- KONSEIL RH\",\"url\":\"https:\/\/ekonseil-rh.fr\/\",\"logo\":{\"@type\":\"ImageObject\",\"inLanguage\":\"fr-FR\",\"@id\":\"https:\/\/ekonseil-rh.fr\/#\/schema\/logo\/image\/\",\"url\":\"https:\/\/ekonseil-rh.fr\/wp-content\/uploads\/2024\/10\/Logo-E-KONSEIL-RH-Bleu-noir.png\",\"contentUrl\":\"https:\/\/ekonseil-rh.fr\/wp-content\/uploads\/2024\/10\/Logo-E-KONSEIL-RH-Bleu-noir.png\",\"width\":2566,\"height\":864,\"caption\":\"E- KONSEIL RH\"},\"image\":{\"@id\":\"https:\/\/ekonseil-rh.fr\/#\/schema\/logo\/image\/\"},\"sameAs\":[\"https:\/\/www.facebook.com\/EKonseilRH\/\",\"https:\/\/twitter.com\/ekonseilrh\",\"https:\/\/fr.linkedin.com\/in\/laurence-derache-22766b30\"]},{\"@type\":\"Person\",\"@id\":\"https:\/\/ekonseil-rh.fr\/#\/schema\/person\/ae40df95309441731cd1219d04a7630d\",\"name\":\"E-KONSEIL RH\",\"image\":{\"@type\":\"ImageObject\",\"inLanguage\":\"fr-FR\",\"@id\":\"https:\/\/ekonseil-rh.fr\/#\/schema\/person\/image\/\",\"url\":\"https:\/\/secure.gravatar.com\/avatar\/d509340c0191282214e3820d1a128a39?s=96&d=blank&r=g\",\"contentUrl\":\"https:\/\/secure.gravatar.com\/avatar\/d509340c0191282214e3820d1a128a39?s=96&d=blank&r=g\",\"caption\":\"E-KONSEIL RH\"},\"sameAs\":[\"https:\/\/www.ekonseil-rh.fr\"]}]}<\/script>\n<!-- \/ Yoast SEO plugin. -->","yoast_head_json":{"title":"Matinale FACE Artois : G\u00e9n\u00e9ration Z, engagement et adaptation des pratiques manag\u00e9riales - E- KONSEIL RH","robots":{"index":"index","follow":"follow","max-snippet":"max-snippet:-1","max-image-preview":"max-image-preview:large","max-video-preview":"max-video-preview:-1"},"canonical":"https:\/\/ekonseil-rh.fr\/matinale-face-artois-generation-z-engagement-et-adaptation-des-pratiques-manageriales\/","og_locale":"fr_FR","og_type":"article","og_title":"Matinale FACE Artois : G\u00e9n\u00e9ration Z, engagement et adaptation des pratiques manag\u00e9riales - E- KONSEIL RH","og_description":"Le jeudi 10 juillet 2025, E-KONSEIL RH interviendra lors de la Matinale FACE Artois pour \u00e9changer autour d\u2019un sujet d\u2019actualit\u00e9 RH : comment mieux comprendre la G\u00e9n\u00e9ration Z et adapter les pratiques professionnelles pour favoriser son engagement.","og_url":"https:\/\/ekonseil-rh.fr\/matinale-face-artois-generation-z-engagement-et-adaptation-des-pratiques-manageriales\/","og_site_name":"E- KONSEIL RH","article_publisher":"https:\/\/www.facebook.com\/EKonseilRH\/","article_published_time":"2025-06-24T08:32:34+00:00","article_modified_time":"2025-06-24T08:32:36+00:00","og_image":[{"width":1080,"height":1080,"url":"https:\/\/ekonseil-rh.fr\/wp-content\/uploads\/2025\/06\/FACE-Matinale_250627.jpg","type":"image\/jpeg"}],"author":"E-KONSEIL RH","twitter_card":"summary_large_image","twitter_creator":"@ekonseilrh","twitter_site":"@ekonseilrh","twitter_misc":{"\u00c9crit par":"E-KONSEIL RH","Dur\u00e9e de lecture estim\u00e9e":"1 minute"},"schema":{"@context":"https:\/\/schema.org","@graph":[{"@type":"Article","@id":"https:\/\/ekonseil-rh.fr\/matinale-face-artois-generation-z-engagement-et-adaptation-des-pratiques-manageriales\/#article","isPartOf":{"@id":"https:\/\/ekonseil-rh.fr\/matinale-face-artois-generation-z-engagement-et-adaptation-des-pratiques-manageriales\/"},"author":{"name":"E-KONSEIL RH","@id":"https:\/\/ekonseil-rh.fr\/#\/schema\/person\/ae40df95309441731cd1219d04a7630d"},"headline":"Matinale FACE Artois : G\u00e9n\u00e9ration Z, engagement et adaptation des pratiques manag\u00e9riales","datePublished":"2025-06-24T08:32:34+00:00","dateModified":"2025-06-24T08:32:36+00:00","mainEntityOfPage":{"@id":"https:\/\/ekonseil-rh.fr\/matinale-face-artois-generation-z-engagement-et-adaptation-des-pratiques-manageriales\/"},"wordCount":178,"publisher":{"@id":"https:\/\/ekonseil-rh.fr\/#organization"},"articleSection":["\u00e9v\u00e9nementielle","Partenariat"],"inLanguage":"fr-FR"},{"@type":"WebPage","@id":"https:\/\/ekonseil-rh.fr\/matinale-face-artois-generation-z-engagement-et-adaptation-des-pratiques-manageriales\/","url":"https:\/\/ekonseil-rh.fr\/matinale-face-artois-generation-z-engagement-et-adaptation-des-pratiques-manageriales\/","name":"Matinale FACE Artois : G\u00e9n\u00e9ration Z, engagement et adaptation des pratiques manag\u00e9riales - E- KONSEIL RH","isPartOf":{"@id":"https:\/\/ekonseil-rh.fr\/#website"},"datePublished":"2025-06-24T08:32:34+00:00","dateModified":"2025-06-24T08:32:36+00:00","inLanguage":"fr-FR","potentialAction":[{"@type":"ReadAction","target":["https:\/\/ekonseil-rh.fr\/matinale-face-artois-generation-z-engagement-et-adaptation-des-pratiques-manageriales\/"]}]},{"@type":"WebSite","@id":"https:\/\/ekonseil-rh.fr\/#website","url":"https:\/\/ekonseil-rh.fr\/","name":"E- KONSEIL RH","description":"Notre exp\u00e9rience m\u00e8ne \u00e0 votre r\u00e9ussite","publisher":{"@id":"https:\/\/ekonseil-rh.fr\/#organization"},"potentialAction":[{"@type":"SearchAction","target":{"@type":"EntryPoint","urlTemplate":"https:\/\/ekonseil-rh.fr\/?s={search_term_string}"},"query-input":"required name=search_term_string"}],"inLanguage":"fr-FR"},{"@type":"Organization","@id":"https:\/\/ekonseil-rh.fr\/#organization","name":"E- KONSEIL RH","url":"https:\/\/ekonseil-rh.fr\/","logo":{"@type":"ImageObject","inLanguage":"fr-FR","@id":"https:\/\/ekonseil-rh.fr\/#\/schema\/logo\/image\/","url":"https:\/\/ekonseil-rh.fr\/wp-content\/uploads\/2024\/10\/Logo-E-KONSEIL-RH-Bleu-noir.png","contentUrl":"https:\/\/ekonseil-rh.fr\/wp-content\/uploads\/2024\/10\/Logo-E-KONSEIL-RH-Bleu-noir.png","width":2566,"height":864,"caption":"E- KONSEIL RH"},"image":{"@id":"https:\/\/ekonseil-rh.fr\/#\/schema\/logo\/image\/"},"sameAs":["https:\/\/www.facebook.com\/EKonseilRH\/","https:\/\/twitter.com\/ekonseilrh","https:\/\/fr.linkedin.com\/in\/laurence-derache-22766b30"]},{"@type":"Person","@id":"https:\/\/ekonseil-rh.fr\/#\/schema\/person\/ae40df95309441731cd1219d04a7630d","name":"E-KONSEIL RH","image":{"@type":"ImageObject","inLanguage":"fr-FR","@id":"https:\/\/ekonseil-rh.fr\/#\/schema\/person\/image\/","url":"https:\/\/secure.gravatar.com\/avatar\/d509340c0191282214e3820d1a128a39?s=96&d=blank&r=g","contentUrl":"https:\/\/secure.gravatar.com\/avatar\/d509340c0191282214e3820d1a128a39?s=96&d=blank&r=g","caption":"E-KONSEIL RH"},"sameAs":["https:\/\/www.ekonseil-rh.fr"]}]}},"_links":{"self":[{"href":"https:\/\/ekonseil-rh.fr\/wp_json\/wp\/v2\/posts\/5653"}],"collection":[{"href":"https:\/\/ekonseil-rh.fr\/wp_json\/wp\/v2\/posts"}],"about":[{"href":"https:\/\/ekonseil-rh.fr\/wp_json\/wp\/v2\/types\/post"}],"author":[{"embeddable":true,"href":"https:\/\/ekonseil-rh.fr\/wp_json\/wp\/v2\/users\/3"}],"replies":[{"embeddable":true,"href":"https:\/\/ekonseil-rh.fr\/wp_json\/wp\/v2\/comments?post=5653"}],"version-history":[{"count":1,"href":"https:\/\/ekonseil-rh.fr\/wp_json\/wp\/v2\/posts\/5653\/revisions"}],"predecessor-version":[{"id":5655,"href":"https:\/\/ekonseil-rh.fr\/wp_json\/wp\/v2\/posts\/5653\/revisions\/5655"}],"wp:featuredmedia":[{"embeddable":true,"href":"https:\/\/ekonseil-rh.fr\/wp_json\/wp\/v2\/media\/5654"}],"wp:attachment":[{"href":"https:\/\/ekonseil-rh.fr\/wp_json\/wp\/v2\/media?parent=5653"}],"wp:term":[{"taxonomy":"category","embeddable":true,"href":"https:\/\/ekonseil-rh.fr\/wp_json\/wp\/v2\/categories?post=5653"},{"taxonomy":"post_tag","embeddable":true,"href":"https:\/\/ekonseil-rh.fr\/wp_json\/wp\/v2\/tags?post=5653"}],"curies":[{"name":"wp","href":"https:\/\/api.w.org\/{rel}","templated":true}]}}