{"id":5650,"date":"2025-06-20T14:07:36","date_gmt":"2025-06-20T13:07:36","guid":{"rendered":"https:\/\/ekonseil-rh.fr\/?p=5650"},"modified":"2025-06-20T14:08:49","modified_gmt":"2025-06-20T13:08:49","slug":"salon-entreprises-competences-reflexions-rh-autour-de-la-generation-z","status":"publish","type":"post","link":"https:\/\/ekonseil-rh.fr\/salon-entreprises-competences-reflexions-rh-autour-de-la-generation-z\/","title":{"rendered":"Salon Entreprises &amp; Comp\u00e9tences : R\u00e9flexions RH autour de la G\u00e9n\u00e9ration Z"},"content":{"rendered":"\n<p>Le 10 juin 2025, <strong>Coralie Le Floch<\/strong> a repr\u00e9sent\u00e9 <strong>E-KONSEIL RH<\/strong> au <strong>Salon Entreprises &amp; Comp\u00e9tences<\/strong>, un rendez-vous original organis\u00e9 \u00e0 <strong>\u00c9cosyst\u00e8meD<\/strong> par la <strong>Communaut\u00e9 urbaine de Dunkerque<\/strong>. Ce format volontairement all\u00e9g\u00e9, sans stands classiques, \u00e9tait centr\u00e9 sur <strong>les valeurs, les enjeux concrets et les \u00e9changes humains<\/strong>.<\/p>\n\n\n\n<p>Parmi les temps forts de la journ\u00e9e, <strong>une conf\u00e9rence d\u00e9di\u00e9e \u00e0 la G\u00e9n\u00e9ration Z<\/strong> a particuli\u00e8rement retenu son attention. Cette nouvelle g\u00e9n\u00e9ration, en qu\u00eate de sens et d\u2019authenticit\u00e9 dans le monde du travail, vient bouleverser les rep\u00e8res traditionnels en mati\u00e8re de management et de fid\u00e9lisation.<\/p>\n\n\n\n<p>Un \u00e9v\u00e9nement stimulant, qui invite \u00e0 repenser l\u2019attractivit\u00e9 des organisations et \u00e0 adapter les pratiques RH aux attentes \u00e9mergentes.<\/p>\n\n\n\n<hr class=\"wp-block-separator has-alpha-channel-opacity\"\/>\n\n\n\n<p>Lire le post de Coralie sur LinkedIn :<br><a href=\"https:\/\/www.linkedin.com\/posts\/coralie-le-floch-lb10011991_entreprises-et-comp%C3%A9tences-activity-7338491678967713792-2eS0?utm_source=share&amp;utm_medium=member_desktop&amp;rcm=ACoAACoGEOkBOKUGRZlfKqIZ9Xuu-zWcxEL899A\">Voir la publication<\/a><\/p>\n","protected":false},"excerpt":{"rendered":"<p>Coralie Le Floch, consultante RH chez E-KONSEIL RH, a particip\u00e9 au Salon Entreprises &#038; Comp\u00e9tences. Elle partage son retour sur un \u00e9v\u00e9nement inspirant, notamment autour des enjeux que repr\u00e9sente la G\u00e9n\u00e9ration Z pour les entreprises.<\/p>\n","protected":false},"author":3,"featured_media":5651,"comment_status":"closed","ping_status":"open","sticky":false,"template":"","format":"standard","meta":{"_eb_attr":"","footnotes":""},"categories":[76,99],"tags":[],"blocksy_meta":[],"featured_image_urls":{"full":["https:\/\/ekonseil-rh.fr\/wp-content\/uploads\/2025\/06\/Capture-decran-2025-06-20-a-15.06.52.png",954,1348,false],"thumbnail":["https:\/\/ekonseil-rh.fr\/wp-content\/uploads\/2025\/06\/Capture-decran-2025-06-20-a-15.06.52-150x150.png",150,150,true],"medium":["https:\/\/ekonseil-rh.fr\/wp-content\/uploads\/2025\/06\/Capture-decran-2025-06-20-a-15.06.52-212x300.png",212,300,true],"medium_large":["https:\/\/ekonseil-rh.fr\/wp-content\/uploads\/2025\/06\/Capture-decran-2025-06-20-a-15.06.52-768x1085.png",768,1085,true],"large":["https:\/\/ekonseil-rh.fr\/wp-content\/uploads\/2025\/06\/Capture-decran-2025-06-20-a-15.06.52-725x1024.png",725,1024,true],"course_archive_thumbnail":["https:\/\/ekonseil-rh.fr\/wp-content\/uploads\/2025\/06\/Capture-decran-2025-06-20-a-15.06.52-71x100.png",71,100,true],"course_single_thumbnail":["https:\/\/ekonseil-rh.fr\/wp-content\/uploads\/2025\/06\/Capture-decran-2025-06-20-a-15.06.52-71x100.png",71,100,true],"lesson_archive_thumbnail":["https:\/\/ekonseil-rh.fr\/wp-content\/uploads\/2025\/06\/Capture-decran-2025-06-20-a-15.06.52-71x100.png",71,100,true],"lesson_single_thumbnail":["https:\/\/ekonseil-rh.fr\/wp-content\/uploads\/2025\/06\/Capture-decran-2025-06-20-a-15.06.52-71x100.png",71,100,true],"1536x1536":["https:\/\/ekonseil-rh.fr\/wp-content\/uploads\/2025\/06\/Capture-decran-2025-06-20-a-15.06.52.png",954,1348,false],"2048x2048":["https:\/\/ekonseil-rh.fr\/wp-content\/uploads\/2025\/06\/Capture-decran-2025-06-20-a-15.06.52.png",954,1348,false]},"post_excerpt_stackable":"<p>Coralie Le Floch, consultante RH chez E-KONSEIL RH, a particip\u00e9 au Salon Entreprises &#038; Comp\u00e9tences. Elle partage son retour sur un \u00e9v\u00e9nement inspirant, notamment autour des enjeux que repr\u00e9sente la G\u00e9n\u00e9ration Z pour les entreprises.<\/p>\n","category_list":"<a href=\"https:\/\/ekonseil-rh.fr\/category\/evenementielle\/\" rel=\"category tag\">\u00e9v\u00e9nementielle<\/a>, <a href=\"https:\/\/ekonseil-rh.fr\/category\/partenariat\/\" rel=\"category tag\">Partenariat<\/a>","author_info":{"name":"E-KONSEIL RH","url":"https:\/\/ekonseil-rh.fr\/author\/lderache\/"},"comments_num":"0 commentaire","yoast_head":"<!-- This site is optimized with the Yoast SEO plugin v21.8 - https:\/\/yoast.com\/wordpress\/plugins\/seo\/ -->\n<title>Salon Entreprises &amp; Comp\u00e9tences : R\u00e9flexions RH autour de la G\u00e9n\u00e9ration Z - E- KONSEIL RH<\/title>\n<meta name=\"robots\" content=\"index, follow, max-snippet:-1, max-image-preview:large, max-video-preview:-1\" \/>\n<link rel=\"canonical\" href=\"https:\/\/ekonseil-rh.fr\/salon-entreprises-competences-reflexions-rh-autour-de-la-generation-z\/\" \/>\n<meta property=\"og:locale\" content=\"fr_FR\" \/>\n<meta property=\"og:type\" content=\"article\" \/>\n<meta property=\"og:title\" content=\"Salon Entreprises &amp; Comp\u00e9tences : R\u00e9flexions RH autour de la G\u00e9n\u00e9ration Z - E- KONSEIL RH\" \/>\n<meta property=\"og:description\" content=\"Coralie Le Floch, consultante RH chez E-KONSEIL RH, a particip\u00e9 au Salon Entreprises &amp; Comp\u00e9tences. Elle partage son retour sur un \u00e9v\u00e9nement inspirant, notamment autour des enjeux que repr\u00e9sente la G\u00e9n\u00e9ration Z pour les entreprises.\" \/>\n<meta property=\"og:url\" content=\"https:\/\/ekonseil-rh.fr\/salon-entreprises-competences-reflexions-rh-autour-de-la-generation-z\/\" \/>\n<meta property=\"og:site_name\" content=\"E- KONSEIL RH\" \/>\n<meta property=\"article:publisher\" content=\"https:\/\/www.facebook.com\/EKonseilRH\/\" \/>\n<meta property=\"article:published_time\" content=\"2025-06-20T13:07:36+00:00\" \/>\n<meta property=\"article:modified_time\" content=\"2025-06-20T13:08:49+00:00\" \/>\n<meta property=\"og:image\" content=\"https:\/\/ekonseil-rh.fr\/wp-content\/uploads\/2025\/06\/Capture-decran-2025-06-20-a-15.06.52.png\" \/>\n\t<meta property=\"og:image:width\" content=\"954\" \/>\n\t<meta property=\"og:image:height\" content=\"1348\" \/>\n\t<meta property=\"og:image:type\" content=\"image\/png\" \/>\n<meta name=\"author\" content=\"E-KONSEIL RH\" \/>\n<meta name=\"twitter:card\" content=\"summary_large_image\" \/>\n<meta name=\"twitter:creator\" content=\"@ekonseilrh\" \/>\n<meta name=\"twitter:site\" content=\"@ekonseilrh\" \/>\n<meta name=\"twitter:label1\" content=\"\u00c9crit par\" \/>\n\t<meta name=\"twitter:data1\" content=\"E-KONSEIL RH\" \/>\n\t<meta name=\"twitter:label2\" content=\"Dur\u00e9e de lecture estim\u00e9e\" \/>\n\t<meta name=\"twitter:data2\" content=\"1 minute\" \/>\n<script type=\"application\/ld+json\" class=\"yoast-schema-graph\">{\"@context\":\"https:\/\/schema.org\",\"@graph\":[{\"@type\":\"Article\",\"@id\":\"https:\/\/ekonseil-rh.fr\/salon-entreprises-competences-reflexions-rh-autour-de-la-generation-z\/#article\",\"isPartOf\":{\"@id\":\"https:\/\/ekonseil-rh.fr\/salon-entreprises-competences-reflexions-rh-autour-de-la-generation-z\/\"},\"author\":{\"name\":\"E-KONSEIL RH\",\"@id\":\"https:\/\/ekonseil-rh.fr\/#\/schema\/person\/ae40df95309441731cd1219d04a7630d\"},\"headline\":\"Salon Entreprises &amp; Comp\u00e9tences : R\u00e9flexions RH autour de la G\u00e9n\u00e9ration Z\",\"datePublished\":\"2025-06-20T13:07:36+00:00\",\"dateModified\":\"2025-06-20T13:08:49+00:00\",\"mainEntityOfPage\":{\"@id\":\"https:\/\/ekonseil-rh.fr\/salon-entreprises-competences-reflexions-rh-autour-de-la-generation-z\/\"},\"wordCount\":150,\"publisher\":{\"@id\":\"https:\/\/ekonseil-rh.fr\/#organization\"},\"articleSection\":[\"\u00e9v\u00e9nementielle\",\"Partenariat\"],\"inLanguage\":\"fr-FR\"},{\"@type\":\"WebPage\",\"@id\":\"https:\/\/ekonseil-rh.fr\/salon-entreprises-competences-reflexions-rh-autour-de-la-generation-z\/\",\"url\":\"https:\/\/ekonseil-rh.fr\/salon-entreprises-competences-reflexions-rh-autour-de-la-generation-z\/\",\"name\":\"Salon Entreprises &amp; Comp\u00e9tences : R\u00e9flexions RH autour de la G\u00e9n\u00e9ration Z - E- KONSEIL RH\",\"isPartOf\":{\"@id\":\"https:\/\/ekonseil-rh.fr\/#website\"},\"datePublished\":\"2025-06-20T13:07:36+00:00\",\"dateModified\":\"2025-06-20T13:08:49+00:00\",\"inLanguage\":\"fr-FR\",\"potentialAction\":[{\"@type\":\"ReadAction\",\"target\":[\"https:\/\/ekonseil-rh.fr\/salon-entreprises-competences-reflexions-rh-autour-de-la-generation-z\/\"]}]},{\"@type\":\"WebSite\",\"@id\":\"https:\/\/ekonseil-rh.fr\/#website\",\"url\":\"https:\/\/ekonseil-rh.fr\/\",\"name\":\"E- KONSEIL RH\",\"description\":\"Notre exp\u00e9rience m\u00e8ne \u00e0 votre r\u00e9ussite\",\"publisher\":{\"@id\":\"https:\/\/ekonseil-rh.fr\/#organization\"},\"potentialAction\":[{\"@type\":\"SearchAction\",\"target\":{\"@type\":\"EntryPoint\",\"urlTemplate\":\"https:\/\/ekonseil-rh.fr\/?s={search_term_string}\"},\"query-input\":\"required name=search_term_string\"}],\"inLanguage\":\"fr-FR\"},{\"@type\":\"Organization\",\"@id\":\"https:\/\/ekonseil-rh.fr\/#organization\",\"name\":\"E- KONSEIL RH\",\"url\":\"https:\/\/ekonseil-rh.fr\/\",\"logo\":{\"@type\":\"ImageObject\",\"inLanguage\":\"fr-FR\",\"@id\":\"https:\/\/ekonseil-rh.fr\/#\/schema\/logo\/image\/\",\"url\":\"https:\/\/ekonseil-rh.fr\/wp-content\/uploads\/2024\/10\/Logo-E-KONSEIL-RH-Bleu-noir.png\",\"contentUrl\":\"https:\/\/ekonseil-rh.fr\/wp-content\/uploads\/2024\/10\/Logo-E-KONSEIL-RH-Bleu-noir.png\",\"width\":2566,\"height\":864,\"caption\":\"E- KONSEIL RH\"},\"image\":{\"@id\":\"https:\/\/ekonseil-rh.fr\/#\/schema\/logo\/image\/\"},\"sameAs\":[\"https:\/\/www.facebook.com\/EKonseilRH\/\",\"https:\/\/twitter.com\/ekonseilrh\",\"https:\/\/fr.linkedin.com\/in\/laurence-derache-22766b30\"]},{\"@type\":\"Person\",\"@id\":\"https:\/\/ekonseil-rh.fr\/#\/schema\/person\/ae40df95309441731cd1219d04a7630d\",\"name\":\"E-KONSEIL RH\",\"image\":{\"@type\":\"ImageObject\",\"inLanguage\":\"fr-FR\",\"@id\":\"https:\/\/ekonseil-rh.fr\/#\/schema\/person\/image\/\",\"url\":\"https:\/\/secure.gravatar.com\/avatar\/d509340c0191282214e3820d1a128a39?s=96&d=blank&r=g\",\"contentUrl\":\"https:\/\/secure.gravatar.com\/avatar\/d509340c0191282214e3820d1a128a39?s=96&d=blank&r=g\",\"caption\":\"E-KONSEIL RH\"},\"sameAs\":[\"https:\/\/www.ekonseil-rh.fr\"]}]}<\/script>\n<!-- \/ Yoast SEO plugin. -->","yoast_head_json":{"title":"Salon Entreprises &amp; Comp\u00e9tences : R\u00e9flexions RH autour de la G\u00e9n\u00e9ration Z - E- KONSEIL RH","robots":{"index":"index","follow":"follow","max-snippet":"max-snippet:-1","max-image-preview":"max-image-preview:large","max-video-preview":"max-video-preview:-1"},"canonical":"https:\/\/ekonseil-rh.fr\/salon-entreprises-competences-reflexions-rh-autour-de-la-generation-z\/","og_locale":"fr_FR","og_type":"article","og_title":"Salon Entreprises &amp; Comp\u00e9tences : R\u00e9flexions RH autour de la G\u00e9n\u00e9ration Z - E- KONSEIL RH","og_description":"Coralie Le Floch, consultante RH chez E-KONSEIL RH, a particip\u00e9 au Salon Entreprises & Comp\u00e9tences. Elle partage son retour sur un \u00e9v\u00e9nement inspirant, notamment autour des enjeux que repr\u00e9sente la G\u00e9n\u00e9ration Z pour les entreprises.","og_url":"https:\/\/ekonseil-rh.fr\/salon-entreprises-competences-reflexions-rh-autour-de-la-generation-z\/","og_site_name":"E- KONSEIL RH","article_publisher":"https:\/\/www.facebook.com\/EKonseilRH\/","article_published_time":"2025-06-20T13:07:36+00:00","article_modified_time":"2025-06-20T13:08:49+00:00","og_image":[{"width":954,"height":1348,"url":"https:\/\/ekonseil-rh.fr\/wp-content\/uploads\/2025\/06\/Capture-decran-2025-06-20-a-15.06.52.png","type":"image\/png"}],"author":"E-KONSEIL RH","twitter_card":"summary_large_image","twitter_creator":"@ekonseilrh","twitter_site":"@ekonseilrh","twitter_misc":{"\u00c9crit par":"E-KONSEIL RH","Dur\u00e9e de lecture estim\u00e9e":"1 minute"},"schema":{"@context":"https:\/\/schema.org","@graph":[{"@type":"Article","@id":"https:\/\/ekonseil-rh.fr\/salon-entreprises-competences-reflexions-rh-autour-de-la-generation-z\/#article","isPartOf":{"@id":"https:\/\/ekonseil-rh.fr\/salon-entreprises-competences-reflexions-rh-autour-de-la-generation-z\/"},"author":{"name":"E-KONSEIL RH","@id":"https:\/\/ekonseil-rh.fr\/#\/schema\/person\/ae40df95309441731cd1219d04a7630d"},"headline":"Salon Entreprises &amp; Comp\u00e9tences : R\u00e9flexions RH autour de la G\u00e9n\u00e9ration Z","datePublished":"2025-06-20T13:07:36+00:00","dateModified":"2025-06-20T13:08:49+00:00","mainEntityOfPage":{"@id":"https:\/\/ekonseil-rh.fr\/salon-entreprises-competences-reflexions-rh-autour-de-la-generation-z\/"},"wordCount":150,"publisher":{"@id":"https:\/\/ekonseil-rh.fr\/#organization"},"articleSection":["\u00e9v\u00e9nementielle","Partenariat"],"inLanguage":"fr-FR"},{"@type":"WebPage","@id":"https:\/\/ekonseil-rh.fr\/salon-entreprises-competences-reflexions-rh-autour-de-la-generation-z\/","url":"https:\/\/ekonseil-rh.fr\/salon-entreprises-competences-reflexions-rh-autour-de-la-generation-z\/","name":"Salon Entreprises &amp; Comp\u00e9tences : R\u00e9flexions RH autour de la G\u00e9n\u00e9ration Z - E- KONSEIL RH","isPartOf":{"@id":"https:\/\/ekonseil-rh.fr\/#website"},"datePublished":"2025-06-20T13:07:36+00:00","dateModified":"2025-06-20T13:08:49+00:00","inLanguage":"fr-FR","potentialAction":[{"@type":"ReadAction","target":["https:\/\/ekonseil-rh.fr\/salon-entreprises-competences-reflexions-rh-autour-de-la-generation-z\/"]}]},{"@type":"WebSite","@id":"https:\/\/ekonseil-rh.fr\/#website","url":"https:\/\/ekonseil-rh.fr\/","name":"E- KONSEIL RH","description":"Notre exp\u00e9rience m\u00e8ne \u00e0 votre r\u00e9ussite","publisher":{"@id":"https:\/\/ekonseil-rh.fr\/#organization"},"potentialAction":[{"@type":"SearchAction","target":{"@type":"EntryPoint","urlTemplate":"https:\/\/ekonseil-rh.fr\/?s={search_term_string}"},"query-input":"required name=search_term_string"}],"inLanguage":"fr-FR"},{"@type":"Organization","@id":"https:\/\/ekonseil-rh.fr\/#organization","name":"E- KONSEIL RH","url":"https:\/\/ekonseil-rh.fr\/","logo":{"@type":"ImageObject","inLanguage":"fr-FR","@id":"https:\/\/ekonseil-rh.fr\/#\/schema\/logo\/image\/","url":"https:\/\/ekonseil-rh.fr\/wp-content\/uploads\/2024\/10\/Logo-E-KONSEIL-RH-Bleu-noir.png","contentUrl":"https:\/\/ekonseil-rh.fr\/wp-content\/uploads\/2024\/10\/Logo-E-KONSEIL-RH-Bleu-noir.png","width":2566,"height":864,"caption":"E- KONSEIL RH"},"image":{"@id":"https:\/\/ekonseil-rh.fr\/#\/schema\/logo\/image\/"},"sameAs":["https:\/\/www.facebook.com\/EKonseilRH\/","https:\/\/twitter.com\/ekonseilrh","https:\/\/fr.linkedin.com\/in\/laurence-derache-22766b30"]},{"@type":"Person","@id":"https:\/\/ekonseil-rh.fr\/#\/schema\/person\/ae40df95309441731cd1219d04a7630d","name":"E-KONSEIL RH","image":{"@type":"ImageObject","inLanguage":"fr-FR","@id":"https:\/\/ekonseil-rh.fr\/#\/schema\/person\/image\/","url":"https:\/\/secure.gravatar.com\/avatar\/d509340c0191282214e3820d1a128a39?s=96&d=blank&r=g","contentUrl":"https:\/\/secure.gravatar.com\/avatar\/d509340c0191282214e3820d1a128a39?s=96&d=blank&r=g","caption":"E-KONSEIL RH"},"sameAs":["https:\/\/www.ekonseil-rh.fr"]}]}},"_links":{"self":[{"href":"https:\/\/ekonseil-rh.fr\/wp_json\/wp\/v2\/posts\/5650"}],"collection":[{"href":"https:\/\/ekonseil-rh.fr\/wp_json\/wp\/v2\/posts"}],"about":[{"href":"https:\/\/ekonseil-rh.fr\/wp_json\/wp\/v2\/types\/post"}],"author":[{"embeddable":true,"href":"https:\/\/ekonseil-rh.fr\/wp_json\/wp\/v2\/users\/3"}],"replies":[{"embeddable":true,"href":"https:\/\/ekonseil-rh.fr\/wp_json\/wp\/v2\/comments?post=5650"}],"version-history":[{"count":1,"href":"https:\/\/ekonseil-rh.fr\/wp_json\/wp\/v2\/posts\/5650\/revisions"}],"predecessor-version":[{"id":5652,"href":"https:\/\/ekonseil-rh.fr\/wp_json\/wp\/v2\/posts\/5650\/revisions\/5652"}],"wp:featuredmedia":[{"embeddable":true,"href":"https:\/\/ekonseil-rh.fr\/wp_json\/wp\/v2\/media\/5651"}],"wp:attachment":[{"href":"https:\/\/ekonseil-rh.fr\/wp_json\/wp\/v2\/media?parent=5650"}],"wp:term":[{"taxonomy":"category","embeddable":true,"href":"https:\/\/ekonseil-rh.fr\/wp_json\/wp\/v2\/categories?post=5650"},{"taxonomy":"post_tag","embeddable":true,"href":"https:\/\/ekonseil-rh.fr\/wp_json\/wp\/v2\/tags?post=5650"}],"curies":[{"name":"wp","href":"https:\/\/api.w.org\/{rel}","templated":true}]}}