{"id":5562,"date":"2024-12-12T08:45:00","date_gmt":"2024-12-12T07:45:00","guid":{"rendered":"https:\/\/ekonseil-rh.fr\/?p=5562"},"modified":"2025-05-22T13:51:13","modified_gmt":"2025-05-22T12:51:13","slug":"marche-propre-avec-le-ceraa-un-geste-concret-pour-lenvironnement","status":"publish","type":"post","link":"https:\/\/ekonseil-rh.fr\/marche-propre-avec-le-ceraa-un-geste-concret-pour-lenvironnement\/","title":{"rendered":"Marche propre avec le CERAA : Un geste concret pour l\u2019environnement"},"content":{"rendered":"\n<p>Chez <strong>E-KONSEIL RH<\/strong>, l\u2019engagement ne s\u2019arr\u00eate pas aux portes de l\u2019entreprise. En rejoignant l\u2019initiative du <strong>Club d\u2019Entreprises des Rives de l\u2019Aa (CERAA)<\/strong>, nous avons particip\u00e9 \u00e0 la premi\u00e8re <strong>marche propre<\/strong>, une matin\u00e9e plac\u00e9e sous le signe de la convivialit\u00e9 et de l\u2019action \u00e9cologique.<\/p>\n\n\n\n<p><strong>Objectif : Nettoyer notre environnement local, tout en sensibilisant petits et grands au respect de la nature.<\/strong><\/p>\n\n\n\n<p>R\u00e9sultat : pr\u00e8s de <strong>30 sacs de d\u00e9chets collect\u00e9s<\/strong>, comprenant plastiques, textiles, verre et aluminium, sans oublier la d\u00e9couverte d\u2019un d\u00e9p\u00f4t sauvage de d\u00e9chets \u00e9lectrom\u00e9nagers. Une situation prise en charge gr\u00e2ce \u00e0 la mobilisation collective et au relais vers les services de la <strong>Communaut\u00e9 Urbaine de Dunkerque<\/strong>.<\/p>\n\n\n\n<p>Au-del\u00e0 du geste \u00e9coresponsable, cette matin\u00e9e fut aussi un moment de partage et de sensibilisation, notamment pour les enfants pr\u00e9sents, ravis de contribuer eux aussi \u00e0 une action utile. En prime : 6 km de marche au soleil, un peu d\u2019exercice, beaucoup de bonne humeur et un sentiment collectif d\u2019utilit\u00e9.<\/p>\n\n\n\n<p>Merci au <strong>CERAA<\/strong> pour cette belle initiative et \u00e0 tous les participants pour leur implication.<\/p>\n\n\n\n<p>Une belle preuve qu\u2019ensemble, <strong>on peut agir \u00e0 notre \u00e9chelle<\/strong> et inspirer autour de nous.<br>Et vous, serez-vous des n\u00f4tres pour la prochaine marche propre ?<\/p>\n\n\n\n<p><a class=\"\" href=\"https:\/\/www.ceraa.fr\">En savoir plus sur le CERAA<\/a><\/p>\n","protected":false},"excerpt":{"rendered":"<p>Nettoyer notre environnement local, tout en sensibilisant petits et grands au respect de la nature.<\/p>\n","protected":false},"author":3,"featured_media":5568,"comment_status":"closed","ping_status":"open","sticky":false,"template":"","format":"standard","meta":{"_eb_attr":"","footnotes":""},"categories":[99],"tags":[],"blocksy_meta":[],"featured_image_urls":{"full":["https:\/\/ekonseil-rh.fr\/wp-content\/uploads\/2025\/05\/1731773614158-1.jpeg",1640,1232,false],"thumbnail":["https:\/\/ekonseil-rh.fr\/wp-content\/uploads\/2025\/05\/1731773614158-1-150x150.jpeg",150,150,true],"medium":["https:\/\/ekonseil-rh.fr\/wp-content\/uploads\/2025\/05\/1731773614158-1-300x225.jpeg",300,225,true],"medium_large":["https:\/\/ekonseil-rh.fr\/wp-content\/uploads\/2025\/05\/1731773614158-1-768x577.jpeg",768,577,true],"large":["https:\/\/ekonseil-rh.fr\/wp-content\/uploads\/2025\/05\/1731773614158-1-1024x769.jpeg",1024,769,true],"course_archive_thumbnail":["https:\/\/ekonseil-rh.fr\/wp-content\/uploads\/2025\/05\/1731773614158-1-100x75.jpeg",100,75,true],"course_single_thumbnail":["https:\/\/ekonseil-rh.fr\/wp-content\/uploads\/2025\/05\/1731773614158-1-100x75.jpeg",100,75,true],"lesson_archive_thumbnail":["https:\/\/ekonseil-rh.fr\/wp-content\/uploads\/2025\/05\/1731773614158-1-100x75.jpeg",100,75,true],"lesson_single_thumbnail":["https:\/\/ekonseil-rh.fr\/wp-content\/uploads\/2025\/05\/1731773614158-1-100x75.jpeg",100,75,true],"1536x1536":["https:\/\/ekonseil-rh.fr\/wp-content\/uploads\/2025\/05\/1731773614158-1-1536x1154.jpeg",1536,1154,true],"2048x2048":["https:\/\/ekonseil-rh.fr\/wp-content\/uploads\/2025\/05\/1731773614158-1.jpeg",1640,1232,false]},"post_excerpt_stackable":"<p>Nettoyer notre environnement local, tout en sensibilisant petits et grands au respect de la nature.<\/p>\n","category_list":"<a href=\"https:\/\/ekonseil-rh.fr\/category\/partenariat\/\" rel=\"category tag\">Partenariat<\/a>","author_info":{"name":"E-KONSEIL RH","url":"https:\/\/ekonseil-rh.fr\/author\/lderache\/"},"comments_num":"0 commentaire","yoast_head":"<!-- This site is optimized with the Yoast SEO plugin v21.8 - https:\/\/yoast.com\/wordpress\/plugins\/seo\/ -->\n<title>Marche propre avec le CERAA : Un geste concret pour l\u2019environnement - E- KONSEIL RH<\/title>\n<meta name=\"robots\" content=\"index, follow, max-snippet:-1, max-image-preview:large, max-video-preview:-1\" \/>\n<link rel=\"canonical\" href=\"https:\/\/ekonseil-rh.fr\/marche-propre-avec-le-ceraa-un-geste-concret-pour-lenvironnement\/\" \/>\n<meta property=\"og:locale\" content=\"fr_FR\" \/>\n<meta property=\"og:type\" content=\"article\" \/>\n<meta property=\"og:title\" content=\"Marche propre avec le CERAA : Un geste concret pour l\u2019environnement - E- KONSEIL RH\" \/>\n<meta property=\"og:description\" content=\"Nettoyer notre environnement local, tout en sensibilisant petits et grands au respect de la nature.\" \/>\n<meta property=\"og:url\" content=\"https:\/\/ekonseil-rh.fr\/marche-propre-avec-le-ceraa-un-geste-concret-pour-lenvironnement\/\" \/>\n<meta property=\"og:site_name\" content=\"E- KONSEIL RH\" \/>\n<meta property=\"article:publisher\" content=\"https:\/\/www.facebook.com\/EKonseilRH\/\" \/>\n<meta property=\"article:published_time\" content=\"2024-12-12T07:45:00+00:00\" \/>\n<meta property=\"article:modified_time\" content=\"2025-05-22T12:51:13+00:00\" \/>\n<meta property=\"og:image\" content=\"https:\/\/ekonseil-rh.fr\/wp-content\/uploads\/2025\/05\/1731773614158-1.jpeg\" \/>\n\t<meta property=\"og:image:width\" content=\"1640\" \/>\n\t<meta property=\"og:image:height\" content=\"1232\" \/>\n\t<meta property=\"og:image:type\" content=\"image\/jpeg\" \/>\n<meta name=\"author\" content=\"E-KONSEIL RH\" \/>\n<meta name=\"twitter:card\" content=\"summary_large_image\" \/>\n<meta name=\"twitter:creator\" content=\"@ekonseilrh\" \/>\n<meta name=\"twitter:site\" content=\"@ekonseilrh\" \/>\n<meta name=\"twitter:label1\" content=\"\u00c9crit par\" \/>\n\t<meta name=\"twitter:data1\" content=\"E-KONSEIL RH\" \/>\n\t<meta name=\"twitter:label2\" content=\"Dur\u00e9e de lecture estim\u00e9e\" \/>\n\t<meta name=\"twitter:data2\" content=\"2 minutes\" \/>\n<script type=\"application\/ld+json\" class=\"yoast-schema-graph\">{\"@context\":\"https:\/\/schema.org\",\"@graph\":[{\"@type\":\"Article\",\"@id\":\"https:\/\/ekonseil-rh.fr\/marche-propre-avec-le-ceraa-un-geste-concret-pour-lenvironnement\/#article\",\"isPartOf\":{\"@id\":\"https:\/\/ekonseil-rh.fr\/marche-propre-avec-le-ceraa-un-geste-concret-pour-lenvironnement\/\"},\"author\":{\"name\":\"E-KONSEIL RH\",\"@id\":\"https:\/\/ekonseil-rh.fr\/#\/schema\/person\/ae40df95309441731cd1219d04a7630d\"},\"headline\":\"Marche propre avec le CERAA : Un geste concret pour l\u2019environnement\",\"datePublished\":\"2024-12-12T07:45:00+00:00\",\"dateModified\":\"2025-05-22T12:51:13+00:00\",\"mainEntityOfPage\":{\"@id\":\"https:\/\/ekonseil-rh.fr\/marche-propre-avec-le-ceraa-un-geste-concret-pour-lenvironnement\/\"},\"wordCount\":232,\"publisher\":{\"@id\":\"https:\/\/ekonseil-rh.fr\/#organization\"},\"articleSection\":[\"Partenariat\"],\"inLanguage\":\"fr-FR\"},{\"@type\":\"WebPage\",\"@id\":\"https:\/\/ekonseil-rh.fr\/marche-propre-avec-le-ceraa-un-geste-concret-pour-lenvironnement\/\",\"url\":\"https:\/\/ekonseil-rh.fr\/marche-propre-avec-le-ceraa-un-geste-concret-pour-lenvironnement\/\",\"name\":\"Marche propre avec le CERAA : Un geste concret pour l\u2019environnement - E- KONSEIL RH\",\"isPartOf\":{\"@id\":\"https:\/\/ekonseil-rh.fr\/#website\"},\"datePublished\":\"2024-12-12T07:45:00+00:00\",\"dateModified\":\"2025-05-22T12:51:13+00:00\",\"inLanguage\":\"fr-FR\",\"potentialAction\":[{\"@type\":\"ReadAction\",\"target\":[\"https:\/\/ekonseil-rh.fr\/marche-propre-avec-le-ceraa-un-geste-concret-pour-lenvironnement\/\"]}]},{\"@type\":\"WebSite\",\"@id\":\"https:\/\/ekonseil-rh.fr\/#website\",\"url\":\"https:\/\/ekonseil-rh.fr\/\",\"name\":\"E- KONSEIL RH\",\"description\":\"Notre exp\u00e9rience m\u00e8ne \u00e0 votre r\u00e9ussite\",\"publisher\":{\"@id\":\"https:\/\/ekonseil-rh.fr\/#organization\"},\"potentialAction\":[{\"@type\":\"SearchAction\",\"target\":{\"@type\":\"EntryPoint\",\"urlTemplate\":\"https:\/\/ekonseil-rh.fr\/?s={search_term_string}\"},\"query-input\":\"required name=search_term_string\"}],\"inLanguage\":\"fr-FR\"},{\"@type\":\"Organization\",\"@id\":\"https:\/\/ekonseil-rh.fr\/#organization\",\"name\":\"E- KONSEIL RH\",\"url\":\"https:\/\/ekonseil-rh.fr\/\",\"logo\":{\"@type\":\"ImageObject\",\"inLanguage\":\"fr-FR\",\"@id\":\"https:\/\/ekonseil-rh.fr\/#\/schema\/logo\/image\/\",\"url\":\"https:\/\/ekonseil-rh.fr\/wp-content\/uploads\/2024\/10\/Logo-E-KONSEIL-RH-Bleu-noir.png\",\"contentUrl\":\"https:\/\/ekonseil-rh.fr\/wp-content\/uploads\/2024\/10\/Logo-E-KONSEIL-RH-Bleu-noir.png\",\"width\":2566,\"height\":864,\"caption\":\"E- KONSEIL RH\"},\"image\":{\"@id\":\"https:\/\/ekonseil-rh.fr\/#\/schema\/logo\/image\/\"},\"sameAs\":[\"https:\/\/www.facebook.com\/EKonseilRH\/\",\"https:\/\/twitter.com\/ekonseilrh\",\"https:\/\/fr.linkedin.com\/in\/laurence-derache-22766b30\"]},{\"@type\":\"Person\",\"@id\":\"https:\/\/ekonseil-rh.fr\/#\/schema\/person\/ae40df95309441731cd1219d04a7630d\",\"name\":\"E-KONSEIL RH\",\"image\":{\"@type\":\"ImageObject\",\"inLanguage\":\"fr-FR\",\"@id\":\"https:\/\/ekonseil-rh.fr\/#\/schema\/person\/image\/\",\"url\":\"https:\/\/secure.gravatar.com\/avatar\/d509340c0191282214e3820d1a128a39?s=96&d=blank&r=g\",\"contentUrl\":\"https:\/\/secure.gravatar.com\/avatar\/d509340c0191282214e3820d1a128a39?s=96&d=blank&r=g\",\"caption\":\"E-KONSEIL RH\"},\"sameAs\":[\"https:\/\/www.ekonseil-rh.fr\"]}]}<\/script>\n<!-- \/ Yoast SEO plugin. -->","yoast_head_json":{"title":"Marche propre avec le CERAA : Un geste concret pour l\u2019environnement - E- KONSEIL RH","robots":{"index":"index","follow":"follow","max-snippet":"max-snippet:-1","max-image-preview":"max-image-preview:large","max-video-preview":"max-video-preview:-1"},"canonical":"https:\/\/ekonseil-rh.fr\/marche-propre-avec-le-ceraa-un-geste-concret-pour-lenvironnement\/","og_locale":"fr_FR","og_type":"article","og_title":"Marche propre avec le CERAA : Un geste concret pour l\u2019environnement - E- KONSEIL RH","og_description":"Nettoyer notre environnement local, tout en sensibilisant petits et grands au respect de la nature.","og_url":"https:\/\/ekonseil-rh.fr\/marche-propre-avec-le-ceraa-un-geste-concret-pour-lenvironnement\/","og_site_name":"E- KONSEIL RH","article_publisher":"https:\/\/www.facebook.com\/EKonseilRH\/","article_published_time":"2024-12-12T07:45:00+00:00","article_modified_time":"2025-05-22T12:51:13+00:00","og_image":[{"width":1640,"height":1232,"url":"https:\/\/ekonseil-rh.fr\/wp-content\/uploads\/2025\/05\/1731773614158-1.jpeg","type":"image\/jpeg"}],"author":"E-KONSEIL RH","twitter_card":"summary_large_image","twitter_creator":"@ekonseilrh","twitter_site":"@ekonseilrh","twitter_misc":{"\u00c9crit par":"E-KONSEIL RH","Dur\u00e9e de lecture estim\u00e9e":"2 minutes"},"schema":{"@context":"https:\/\/schema.org","@graph":[{"@type":"Article","@id":"https:\/\/ekonseil-rh.fr\/marche-propre-avec-le-ceraa-un-geste-concret-pour-lenvironnement\/#article","isPartOf":{"@id":"https:\/\/ekonseil-rh.fr\/marche-propre-avec-le-ceraa-un-geste-concret-pour-lenvironnement\/"},"author":{"name":"E-KONSEIL RH","@id":"https:\/\/ekonseil-rh.fr\/#\/schema\/person\/ae40df95309441731cd1219d04a7630d"},"headline":"Marche propre avec le CERAA : Un geste concret pour l\u2019environnement","datePublished":"2024-12-12T07:45:00+00:00","dateModified":"2025-05-22T12:51:13+00:00","mainEntityOfPage":{"@id":"https:\/\/ekonseil-rh.fr\/marche-propre-avec-le-ceraa-un-geste-concret-pour-lenvironnement\/"},"wordCount":232,"publisher":{"@id":"https:\/\/ekonseil-rh.fr\/#organization"},"articleSection":["Partenariat"],"inLanguage":"fr-FR"},{"@type":"WebPage","@id":"https:\/\/ekonseil-rh.fr\/marche-propre-avec-le-ceraa-un-geste-concret-pour-lenvironnement\/","url":"https:\/\/ekonseil-rh.fr\/marche-propre-avec-le-ceraa-un-geste-concret-pour-lenvironnement\/","name":"Marche propre avec le CERAA : Un geste concret pour l\u2019environnement - E- KONSEIL RH","isPartOf":{"@id":"https:\/\/ekonseil-rh.fr\/#website"},"datePublished":"2024-12-12T07:45:00+00:00","dateModified":"2025-05-22T12:51:13+00:00","inLanguage":"fr-FR","potentialAction":[{"@type":"ReadAction","target":["https:\/\/ekonseil-rh.fr\/marche-propre-avec-le-ceraa-un-geste-concret-pour-lenvironnement\/"]}]},{"@type":"WebSite","@id":"https:\/\/ekonseil-rh.fr\/#website","url":"https:\/\/ekonseil-rh.fr\/","name":"E- KONSEIL RH","description":"Notre exp\u00e9rience m\u00e8ne \u00e0 votre r\u00e9ussite","publisher":{"@id":"https:\/\/ekonseil-rh.fr\/#organization"},"potentialAction":[{"@type":"SearchAction","target":{"@type":"EntryPoint","urlTemplate":"https:\/\/ekonseil-rh.fr\/?s={search_term_string}"},"query-input":"required name=search_term_string"}],"inLanguage":"fr-FR"},{"@type":"Organization","@id":"https:\/\/ekonseil-rh.fr\/#organization","name":"E- KONSEIL RH","url":"https:\/\/ekonseil-rh.fr\/","logo":{"@type":"ImageObject","inLanguage":"fr-FR","@id":"https:\/\/ekonseil-rh.fr\/#\/schema\/logo\/image\/","url":"https:\/\/ekonseil-rh.fr\/wp-content\/uploads\/2024\/10\/Logo-E-KONSEIL-RH-Bleu-noir.png","contentUrl":"https:\/\/ekonseil-rh.fr\/wp-content\/uploads\/2024\/10\/Logo-E-KONSEIL-RH-Bleu-noir.png","width":2566,"height":864,"caption":"E- KONSEIL RH"},"image":{"@id":"https:\/\/ekonseil-rh.fr\/#\/schema\/logo\/image\/"},"sameAs":["https:\/\/www.facebook.com\/EKonseilRH\/","https:\/\/twitter.com\/ekonseilrh","https:\/\/fr.linkedin.com\/in\/laurence-derache-22766b30"]},{"@type":"Person","@id":"https:\/\/ekonseil-rh.fr\/#\/schema\/person\/ae40df95309441731cd1219d04a7630d","name":"E-KONSEIL RH","image":{"@type":"ImageObject","inLanguage":"fr-FR","@id":"https:\/\/ekonseil-rh.fr\/#\/schema\/person\/image\/","url":"https:\/\/secure.gravatar.com\/avatar\/d509340c0191282214e3820d1a128a39?s=96&d=blank&r=g","contentUrl":"https:\/\/secure.gravatar.com\/avatar\/d509340c0191282214e3820d1a128a39?s=96&d=blank&r=g","caption":"E-KONSEIL RH"},"sameAs":["https:\/\/www.ekonseil-rh.fr"]}]}},"_links":{"self":[{"href":"https:\/\/ekonseil-rh.fr\/wp_json\/wp\/v2\/posts\/5562"}],"collection":[{"href":"https:\/\/ekonseil-rh.fr\/wp_json\/wp\/v2\/posts"}],"about":[{"href":"https:\/\/ekonseil-rh.fr\/wp_json\/wp\/v2\/types\/post"}],"author":[{"embeddable":true,"href":"https:\/\/ekonseil-rh.fr\/wp_json\/wp\/v2\/users\/3"}],"replies":[{"embeddable":true,"href":"https:\/\/ekonseil-rh.fr\/wp_json\/wp\/v2\/comments?post=5562"}],"version-history":[{"count":3,"href":"https:\/\/ekonseil-rh.fr\/wp_json\/wp\/v2\/posts\/5562\/revisions"}],"predecessor-version":[{"id":5569,"href":"https:\/\/ekonseil-rh.fr\/wp_json\/wp\/v2\/posts\/5562\/revisions\/5569"}],"wp:featuredmedia":[{"embeddable":true,"href":"https:\/\/ekonseil-rh.fr\/wp_json\/wp\/v2\/media\/5568"}],"wp:attachment":[{"href":"https:\/\/ekonseil-rh.fr\/wp_json\/wp\/v2\/media?parent=5562"}],"wp:term":[{"taxonomy":"category","embeddable":true,"href":"https:\/\/ekonseil-rh.fr\/wp_json\/wp\/v2\/categories?post=5562"},{"taxonomy":"post_tag","embeddable":true,"href":"https:\/\/ekonseil-rh.fr\/wp_json\/wp\/v2\/tags?post=5562"}],"curies":[{"name":"wp","href":"https:\/\/api.w.org\/{rel}","templated":true}]}}