{"id":5503,"date":"2024-02-29T15:01:00","date_gmt":"2024-02-29T14:01:00","guid":{"rendered":"https:\/\/ekonseil-rh.fr\/?p=5503"},"modified":"2025-05-22T13:51:24","modified_gmt":"2025-05-22T12:51:24","slug":"evenement-le-salon-du-management","status":"publish","type":"post","link":"https:\/\/ekonseil-rh.fr\/evenement-le-salon-du-management\/","title":{"rendered":"\u00c9v\u00e8nement : Le Salon du Management"},"content":{"rendered":"\n<iframe loading=\"lazy\" src=\"https:\/\/www.linkedin.com\/embed\/feed\/update\/urn:li:ugcPost:7171101490189692928\" height=\"816\" width=\"504\" frameborder=\"0\" allowfullscreen=\"\" title=\"Post int\u00e9gr\u00e9\"><\/iframe>\n\n\n","protected":false},"excerpt":{"rendered":"<p> E-KONSEIL RH \u00e9tait pr\u00e9sent au Salon du Management : le premier rendez-vous d\u00e9di\u00e9 \u00e0 l&#8217;innovation manag\u00e9riale en France !<\/p>\n","protected":false},"author":3,"featured_media":5512,"comment_status":"closed","ping_status":"open","sticky":false,"template":"","format":"standard","meta":{"_eb_attr":"","footnotes":""},"categories":[76,99],"tags":[],"blocksy_meta":[],"featured_image_urls":{"full":["https:\/\/ekonseil-rh.fr\/wp-content\/uploads\/2025\/01\/Capture-decran-2025-01-16-a-12.17.17.png",1136,1142,false],"thumbnail":["https:\/\/ekonseil-rh.fr\/wp-content\/uploads\/2025\/01\/Capture-decran-2025-01-16-a-12.17.17-150x150.png",150,150,true],"medium":["https:\/\/ekonseil-rh.fr\/wp-content\/uploads\/2025\/01\/Capture-decran-2025-01-16-a-12.17.17-298x300.png",298,300,true],"medium_large":["https:\/\/ekonseil-rh.fr\/wp-content\/uploads\/2025\/01\/Capture-decran-2025-01-16-a-12.17.17-768x772.png",768,772,true],"large":["https:\/\/ekonseil-rh.fr\/wp-content\/uploads\/2025\/01\/Capture-decran-2025-01-16-a-12.17.17-1019x1024.png",1019,1024,true],"course_archive_thumbnail":["https:\/\/ekonseil-rh.fr\/wp-content\/uploads\/2025\/01\/Capture-decran-2025-01-16-a-12.17.17-100x100.png",100,100,true],"course_single_thumbnail":["https:\/\/ekonseil-rh.fr\/wp-content\/uploads\/2025\/01\/Capture-decran-2025-01-16-a-12.17.17-100x100.png",100,100,true],"lesson_archive_thumbnail":["https:\/\/ekonseil-rh.fr\/wp-content\/uploads\/2025\/01\/Capture-decran-2025-01-16-a-12.17.17-100x100.png",100,100,true],"lesson_single_thumbnail":["https:\/\/ekonseil-rh.fr\/wp-content\/uploads\/2025\/01\/Capture-decran-2025-01-16-a-12.17.17-100x100.png",100,100,true],"1536x1536":["https:\/\/ekonseil-rh.fr\/wp-content\/uploads\/2025\/01\/Capture-decran-2025-01-16-a-12.17.17.png",1136,1142,false],"2048x2048":["https:\/\/ekonseil-rh.fr\/wp-content\/uploads\/2025\/01\/Capture-decran-2025-01-16-a-12.17.17.png",1136,1142,false]},"post_excerpt_stackable":"<p> E-KONSEIL RH \u00e9tait pr\u00e9sent au Salon du Management : le premier rendez-vous d\u00e9di\u00e9 \u00e0 l&#8217;innovation manag\u00e9riale en France !<\/p>\n","category_list":"<a href=\"https:\/\/ekonseil-rh.fr\/category\/evenementielle\/\" rel=\"category tag\">\u00e9v\u00e9nementielle<\/a>, <a href=\"https:\/\/ekonseil-rh.fr\/category\/partenariat\/\" rel=\"category tag\">Partenariat<\/a>","author_info":{"name":"E-KONSEIL RH","url":"https:\/\/ekonseil-rh.fr\/author\/lderache\/"},"comments_num":"0 commentaire","yoast_head":"<!-- This site is optimized with the Yoast SEO plugin v21.8 - https:\/\/yoast.com\/wordpress\/plugins\/seo\/ -->\n<title>\u00c9v\u00e8nement : Le Salon du Management - E- KONSEIL RH<\/title>\n<meta name=\"robots\" content=\"index, follow, max-snippet:-1, max-image-preview:large, max-video-preview:-1\" \/>\n<link rel=\"canonical\" href=\"https:\/\/ekonseil-rh.fr\/evenement-le-salon-du-management\/\" \/>\n<meta property=\"og:locale\" content=\"fr_FR\" \/>\n<meta property=\"og:type\" content=\"article\" \/>\n<meta property=\"og:title\" content=\"\u00c9v\u00e8nement : Le Salon du Management - E- KONSEIL RH\" \/>\n<meta property=\"og:description\" content=\"E-KONSEIL RH \u00e9tait pr\u00e9sent au Salon du Management : le premier rendez-vous d\u00e9di\u00e9 \u00e0 l&#039;innovation manag\u00e9riale en France !\" \/>\n<meta property=\"og:url\" content=\"https:\/\/ekonseil-rh.fr\/evenement-le-salon-du-management\/\" \/>\n<meta property=\"og:site_name\" content=\"E- KONSEIL RH\" \/>\n<meta property=\"article:publisher\" content=\"https:\/\/www.facebook.com\/EKonseilRH\/\" \/>\n<meta property=\"article:published_time\" content=\"2024-02-29T14:01:00+00:00\" \/>\n<meta property=\"article:modified_time\" content=\"2025-05-22T12:51:24+00:00\" \/>\n<meta property=\"og:image\" content=\"https:\/\/ekonseil-rh.fr\/wp-content\/uploads\/2025\/01\/Capture-decran-2025-01-16-a-12.17.17.png\" \/>\n\t<meta property=\"og:image:width\" content=\"1136\" \/>\n\t<meta property=\"og:image:height\" content=\"1142\" \/>\n\t<meta property=\"og:image:type\" content=\"image\/png\" \/>\n<meta name=\"author\" content=\"E-KONSEIL RH\" \/>\n<meta name=\"twitter:card\" content=\"summary_large_image\" \/>\n<meta name=\"twitter:creator\" content=\"@ekonseilrh\" \/>\n<meta name=\"twitter:site\" content=\"@ekonseilrh\" \/>\n<meta name=\"twitter:label1\" content=\"\u00c9crit par\" \/>\n\t<meta name=\"twitter:data1\" content=\"E-KONSEIL RH\" \/>\n\t<meta name=\"twitter:label2\" content=\"Dur\u00e9e de lecture estim\u00e9e\" \/>\n\t<meta name=\"twitter:data2\" content=\"1 minute\" \/>\n<script type=\"application\/ld+json\" class=\"yoast-schema-graph\">{\"@context\":\"https:\/\/schema.org\",\"@graph\":[{\"@type\":\"Article\",\"@id\":\"https:\/\/ekonseil-rh.fr\/evenement-le-salon-du-management\/#article\",\"isPartOf\":{\"@id\":\"https:\/\/ekonseil-rh.fr\/evenement-le-salon-du-management\/\"},\"author\":{\"name\":\"E-KONSEIL RH\",\"@id\":\"https:\/\/ekonseil-rh.fr\/#\/schema\/person\/ae40df95309441731cd1219d04a7630d\"},\"headline\":\"\u00c9v\u00e8nement : Le Salon du Management\",\"datePublished\":\"2024-02-29T14:01:00+00:00\",\"dateModified\":\"2025-05-22T12:51:24+00:00\",\"mainEntityOfPage\":{\"@id\":\"https:\/\/ekonseil-rh.fr\/evenement-le-salon-du-management\/\"},\"wordCount\":6,\"publisher\":{\"@id\":\"https:\/\/ekonseil-rh.fr\/#organization\"},\"articleSection\":[\"\u00e9v\u00e9nementielle\",\"Partenariat\"],\"inLanguage\":\"fr-FR\"},{\"@type\":\"WebPage\",\"@id\":\"https:\/\/ekonseil-rh.fr\/evenement-le-salon-du-management\/\",\"url\":\"https:\/\/ekonseil-rh.fr\/evenement-le-salon-du-management\/\",\"name\":\"\u00c9v\u00e8nement : Le Salon du Management - E- KONSEIL RH\",\"isPartOf\":{\"@id\":\"https:\/\/ekonseil-rh.fr\/#website\"},\"datePublished\":\"2024-02-29T14:01:00+00:00\",\"dateModified\":\"2025-05-22T12:51:24+00:00\",\"inLanguage\":\"fr-FR\",\"potentialAction\":[{\"@type\":\"ReadAction\",\"target\":[\"https:\/\/ekonseil-rh.fr\/evenement-le-salon-du-management\/\"]}]},{\"@type\":\"WebSite\",\"@id\":\"https:\/\/ekonseil-rh.fr\/#website\",\"url\":\"https:\/\/ekonseil-rh.fr\/\",\"name\":\"E- KONSEIL RH\",\"description\":\"Notre exp\u00e9rience m\u00e8ne \u00e0 votre r\u00e9ussite\",\"publisher\":{\"@id\":\"https:\/\/ekonseil-rh.fr\/#organization\"},\"potentialAction\":[{\"@type\":\"SearchAction\",\"target\":{\"@type\":\"EntryPoint\",\"urlTemplate\":\"https:\/\/ekonseil-rh.fr\/?s={search_term_string}\"},\"query-input\":\"required name=search_term_string\"}],\"inLanguage\":\"fr-FR\"},{\"@type\":\"Organization\",\"@id\":\"https:\/\/ekonseil-rh.fr\/#organization\",\"name\":\"E- KONSEIL RH\",\"url\":\"https:\/\/ekonseil-rh.fr\/\",\"logo\":{\"@type\":\"ImageObject\",\"inLanguage\":\"fr-FR\",\"@id\":\"https:\/\/ekonseil-rh.fr\/#\/schema\/logo\/image\/\",\"url\":\"https:\/\/ekonseil-rh.fr\/wp-content\/uploads\/2024\/10\/Logo-E-KONSEIL-RH-Bleu-noir.png\",\"contentUrl\":\"https:\/\/ekonseil-rh.fr\/wp-content\/uploads\/2024\/10\/Logo-E-KONSEIL-RH-Bleu-noir.png\",\"width\":2566,\"height\":864,\"caption\":\"E- KONSEIL RH\"},\"image\":{\"@id\":\"https:\/\/ekonseil-rh.fr\/#\/schema\/logo\/image\/\"},\"sameAs\":[\"https:\/\/www.facebook.com\/EKonseilRH\/\",\"https:\/\/twitter.com\/ekonseilrh\",\"https:\/\/fr.linkedin.com\/in\/laurence-derache-22766b30\"]},{\"@type\":\"Person\",\"@id\":\"https:\/\/ekonseil-rh.fr\/#\/schema\/person\/ae40df95309441731cd1219d04a7630d\",\"name\":\"E-KONSEIL RH\",\"image\":{\"@type\":\"ImageObject\",\"inLanguage\":\"fr-FR\",\"@id\":\"https:\/\/ekonseil-rh.fr\/#\/schema\/person\/image\/\",\"url\":\"https:\/\/secure.gravatar.com\/avatar\/d509340c0191282214e3820d1a128a39?s=96&d=blank&r=g\",\"contentUrl\":\"https:\/\/secure.gravatar.com\/avatar\/d509340c0191282214e3820d1a128a39?s=96&d=blank&r=g\",\"caption\":\"E-KONSEIL RH\"},\"sameAs\":[\"https:\/\/www.ekonseil-rh.fr\"]}]}<\/script>\n<!-- \/ Yoast SEO plugin. -->","yoast_head_json":{"title":"\u00c9v\u00e8nement : Le Salon du Management - E- KONSEIL RH","robots":{"index":"index","follow":"follow","max-snippet":"max-snippet:-1","max-image-preview":"max-image-preview:large","max-video-preview":"max-video-preview:-1"},"canonical":"https:\/\/ekonseil-rh.fr\/evenement-le-salon-du-management\/","og_locale":"fr_FR","og_type":"article","og_title":"\u00c9v\u00e8nement : Le Salon du Management - E- KONSEIL RH","og_description":"E-KONSEIL RH \u00e9tait pr\u00e9sent au Salon du Management : le premier rendez-vous d\u00e9di\u00e9 \u00e0 l'innovation manag\u00e9riale en France !","og_url":"https:\/\/ekonseil-rh.fr\/evenement-le-salon-du-management\/","og_site_name":"E- KONSEIL RH","article_publisher":"https:\/\/www.facebook.com\/EKonseilRH\/","article_published_time":"2024-02-29T14:01:00+00:00","article_modified_time":"2025-05-22T12:51:24+00:00","og_image":[{"width":1136,"height":1142,"url":"https:\/\/ekonseil-rh.fr\/wp-content\/uploads\/2025\/01\/Capture-decran-2025-01-16-a-12.17.17.png","type":"image\/png"}],"author":"E-KONSEIL RH","twitter_card":"summary_large_image","twitter_creator":"@ekonseilrh","twitter_site":"@ekonseilrh","twitter_misc":{"\u00c9crit par":"E-KONSEIL RH","Dur\u00e9e de lecture estim\u00e9e":"1 minute"},"schema":{"@context":"https:\/\/schema.org","@graph":[{"@type":"Article","@id":"https:\/\/ekonseil-rh.fr\/evenement-le-salon-du-management\/#article","isPartOf":{"@id":"https:\/\/ekonseil-rh.fr\/evenement-le-salon-du-management\/"},"author":{"name":"E-KONSEIL RH","@id":"https:\/\/ekonseil-rh.fr\/#\/schema\/person\/ae40df95309441731cd1219d04a7630d"},"headline":"\u00c9v\u00e8nement : Le Salon du Management","datePublished":"2024-02-29T14:01:00+00:00","dateModified":"2025-05-22T12:51:24+00:00","mainEntityOfPage":{"@id":"https:\/\/ekonseil-rh.fr\/evenement-le-salon-du-management\/"},"wordCount":6,"publisher":{"@id":"https:\/\/ekonseil-rh.fr\/#organization"},"articleSection":["\u00e9v\u00e9nementielle","Partenariat"],"inLanguage":"fr-FR"},{"@type":"WebPage","@id":"https:\/\/ekonseil-rh.fr\/evenement-le-salon-du-management\/","url":"https:\/\/ekonseil-rh.fr\/evenement-le-salon-du-management\/","name":"\u00c9v\u00e8nement : Le Salon du Management - E- KONSEIL RH","isPartOf":{"@id":"https:\/\/ekonseil-rh.fr\/#website"},"datePublished":"2024-02-29T14:01:00+00:00","dateModified":"2025-05-22T12:51:24+00:00","inLanguage":"fr-FR","potentialAction":[{"@type":"ReadAction","target":["https:\/\/ekonseil-rh.fr\/evenement-le-salon-du-management\/"]}]},{"@type":"WebSite","@id":"https:\/\/ekonseil-rh.fr\/#website","url":"https:\/\/ekonseil-rh.fr\/","name":"E- KONSEIL RH","description":"Notre exp\u00e9rience m\u00e8ne \u00e0 votre r\u00e9ussite","publisher":{"@id":"https:\/\/ekonseil-rh.fr\/#organization"},"potentialAction":[{"@type":"SearchAction","target":{"@type":"EntryPoint","urlTemplate":"https:\/\/ekonseil-rh.fr\/?s={search_term_string}"},"query-input":"required name=search_term_string"}],"inLanguage":"fr-FR"},{"@type":"Organization","@id":"https:\/\/ekonseil-rh.fr\/#organization","name":"E- KONSEIL RH","url":"https:\/\/ekonseil-rh.fr\/","logo":{"@type":"ImageObject","inLanguage":"fr-FR","@id":"https:\/\/ekonseil-rh.fr\/#\/schema\/logo\/image\/","url":"https:\/\/ekonseil-rh.fr\/wp-content\/uploads\/2024\/10\/Logo-E-KONSEIL-RH-Bleu-noir.png","contentUrl":"https:\/\/ekonseil-rh.fr\/wp-content\/uploads\/2024\/10\/Logo-E-KONSEIL-RH-Bleu-noir.png","width":2566,"height":864,"caption":"E- KONSEIL RH"},"image":{"@id":"https:\/\/ekonseil-rh.fr\/#\/schema\/logo\/image\/"},"sameAs":["https:\/\/www.facebook.com\/EKonseilRH\/","https:\/\/twitter.com\/ekonseilrh","https:\/\/fr.linkedin.com\/in\/laurence-derache-22766b30"]},{"@type":"Person","@id":"https:\/\/ekonseil-rh.fr\/#\/schema\/person\/ae40df95309441731cd1219d04a7630d","name":"E-KONSEIL RH","image":{"@type":"ImageObject","inLanguage":"fr-FR","@id":"https:\/\/ekonseil-rh.fr\/#\/schema\/person\/image\/","url":"https:\/\/secure.gravatar.com\/avatar\/d509340c0191282214e3820d1a128a39?s=96&d=blank&r=g","contentUrl":"https:\/\/secure.gravatar.com\/avatar\/d509340c0191282214e3820d1a128a39?s=96&d=blank&r=g","caption":"E-KONSEIL RH"},"sameAs":["https:\/\/www.ekonseil-rh.fr"]}]}},"_links":{"self":[{"href":"https:\/\/ekonseil-rh.fr\/wp_json\/wp\/v2\/posts\/5503"}],"collection":[{"href":"https:\/\/ekonseil-rh.fr\/wp_json\/wp\/v2\/posts"}],"about":[{"href":"https:\/\/ekonseil-rh.fr\/wp_json\/wp\/v2\/types\/post"}],"author":[{"embeddable":true,"href":"https:\/\/ekonseil-rh.fr\/wp_json\/wp\/v2\/users\/3"}],"replies":[{"embeddable":true,"href":"https:\/\/ekonseil-rh.fr\/wp_json\/wp\/v2\/comments?post=5503"}],"version-history":[{"count":3,"href":"https:\/\/ekonseil-rh.fr\/wp_json\/wp\/v2\/posts\/5503\/revisions"}],"predecessor-version":[{"id":5513,"href":"https:\/\/ekonseil-rh.fr\/wp_json\/wp\/v2\/posts\/5503\/revisions\/5513"}],"wp:featuredmedia":[{"embeddable":true,"href":"https:\/\/ekonseil-rh.fr\/wp_json\/wp\/v2\/media\/5512"}],"wp:attachment":[{"href":"https:\/\/ekonseil-rh.fr\/wp_json\/wp\/v2\/media?parent=5503"}],"wp:term":[{"taxonomy":"category","embeddable":true,"href":"https:\/\/ekonseil-rh.fr\/wp_json\/wp\/v2\/categories?post=5503"},{"taxonomy":"post_tag","embeddable":true,"href":"https:\/\/ekonseil-rh.fr\/wp_json\/wp\/v2\/tags?post=5503"}],"curies":[{"name":"wp","href":"https:\/\/api.w.org\/{rel}","templated":true}]}}