{"id":5356,"date":"2023-12-18T15:46:09","date_gmt":"2023-12-18T14:46:09","guid":{"rendered":"https:\/\/ekonseil-rh.fr\/?p=5356"},"modified":"2025-05-22T13:51:34","modified_gmt":"2025-05-22T12:51:34","slug":"quels-sont-les-avantages-de-la-mobilite-interne-en-entreprise","status":"publish","type":"post","link":"https:\/\/ekonseil-rh.fr\/quels-sont-les-avantages-de-la-mobilite-interne-en-entreprise\/","title":{"rendered":"Quels sont les avantages de la mobilit\u00e9 interne en entreprise ?"},"content":{"rendered":"\n<p>Alors que les entreprises de toutes tailles et de tous secteurs cherchent \u00e0 maximiser leurs recrutements et \u00e0 r\u00e9duire le turnover de leurs effectifs, la mobilit\u00e9 interne appara\u00eet comme une solution idoine, mais reste cependant parfois sous-estim\u00e9e. Elle permet pourtant de r\u00e9pondre \u00e0 certaines aspirations des employ\u00e9s dans leur d\u00e9veloppement de carri\u00e8re et engendre ainsi un plus grand engagement vis-\u00e0-vis de l&#8217;employeur. Cet article explore les avantages de la mobilit\u00e9 interne, y d\u00e9c\u00e8le quelques d\u00e9fis et vous propose des strat\u00e9gies pour une mise en place efficace dans votre entreprise.<\/p>\n\n\n\n<h2 class=\"wp-block-heading\">D\u00e9finition de la mobilit\u00e9 interne<\/h2>\n\n\n\n<p>La mobilit\u00e9 interne d\u00e9signe le <strong>processus permettant aux employ\u00e9s d&#8217;\u00e9voluer dans de nouveaux r\u00f4les<\/strong>, avec de nouvelles fonctions, <strong>au sein de la m\u00eame organisation<\/strong>.<\/p>\n\n\n\n<p>Cette mobilit\u00e9 peut prendre plusieurs formes : la promotion hi\u00e9rarchique, le transfert vers un autre d\u00e9partement, le changement de r\u00f4le au sein du m\u00eame service, voire la cr\u00e9ation d&#8217;un poste sp\u00e9cifique dans une m\u00eame \u00e9quipe. Elle repr\u00e9sente ainsi une <strong>opportunit\u00e9 de carri\u00e8re<\/strong> pour les employ\u00e9s et une <strong>strat\u00e9gie de d\u00e9veloppement des talents<\/strong> pour l&#8217;entreprise.<\/p>\n\n\n\n<p>On parle couramment de verticalit\u00e9 et d&#8217;horizontalit\u00e9 pour qualifier la mobilit\u00e9 interne. <strong>Verticale<\/strong>, elle implique une <span style=\"text-decoration: underline;\">ascension hi\u00e9rarchique<\/span>. <strong>Horizontale<\/strong>, elle sugg\u00e8re principalement un <span style=\"text-decoration: underline;\">changement de r\u00f4le<\/span>, de fonction ou de sp\u00e9cialit\u00e9, tout en gardant le <span style=\"text-decoration: underline;\">m\u00eame niveau de responsabilit\u00e9<\/span>.<\/p>\n\n\n\n<p>Enfin, le terme de mobilit\u00e9 interne couvre aussi bien une mobilit\u00e9 <span style=\"text-decoration: underline;\">sugg\u00e9r\u00e9e par l&#8217;employ\u00e9<\/span>, qualifi\u00e9e de <strong>mobilit\u00e9 volontaire<\/strong>, que la mobilit\u00e9 <span style=\"text-decoration: underline;\">propos\u00e9e par la hi\u00e9rarchie<\/span> ou par les Ressources Humaines. Dans ce dernier cas, elle est qualifi\u00e9e de <strong>mobilit\u00e9 pilot\u00e9e<\/strong>.<\/p>\n\n\n\n<p><strong>Ces dimensions couvrent donc tout un pan des aspirations professionnelles des employ\u00e9s<\/strong>, qui peuvent \u00eatre vari\u00e9es, tout en favorisant l&#8217;adaptabilit\u00e9, le d\u00e9veloppement et la responsabilisation au sein de l&#8217;entreprise.<\/p>\n\n\n\n<h2 class=\"wp-block-heading\">Les avantages pour l&#8217;employeur et pour l&#8217;employ\u00e9<\/h2>\n\n\n\n<p>Cette mobilit\u00e9 interne offre des avantages, tant pour l&#8217;employeur que pour l&#8217;employ\u00e9 :<\/p>\n\n\n\n<ul>\n<li><strong>Le d\u00e9veloppement des comp\u00e9tences<\/strong> est stimul\u00e9, favoris\u00e9. Les employ\u00e9s \u00e9largissent leurs comp\u00e9tences, s&#8217;exposent \u00e0 de nouveaux d\u00e9fis, tout en ayant d\u00e9j\u00e0 connaissance de la majeure partie des enjeux et de la culture de l&#8217;entreprise. <span style=\"text-decoration: underline;\">Les profils deviennent ainsi tr\u00e8s riches<\/span> et <span style=\"text-decoration: underline;\">les \u00e9quipes gagnent en qualit\u00e9<\/span>.<\/li>\n<\/ul>\n\n\n\n<ul>\n<li><strong>Les employ\u00e9s sont plus engag\u00e9s<\/strong> gr\u00e2ce aux perspectives de carri\u00e8re qu&#8217;offre l&#8217;entreprise. En ce sens, la mobilit\u00e9 interne contribue \u00e0 augmenter la <span style=\"text-decoration: underline;\">satisfaction et la fid\u00e9lisation des employ\u00e9s<\/span>, qui savent qu&#8217;<span style=\"text-decoration: underline;\">ils pourront \u00e9voluer et\/ou se r\u00e9inventer au sein de la m\u00eame entreprise<\/span>.<\/li>\n<\/ul>\n\n\n\n<ul>\n<li><strong>Le recrutement interne est plus efficace<\/strong>, plus rapide et moins co\u00fbteux <span style=\"text-decoration: underline;\">que la recherche de candidats externes<\/span>.<\/li>\n<\/ul>\n\n\n\n<h2 class=\"wp-block-heading\">Les d\u00e9fis \u00e0 relever<\/h2>\n\n\n\n<p>Malgr\u00e9 les avantages, la mobilit\u00e9 interne soul\u00e8ve aussi quelques d\u00e9fis et ne se r\u00e9alise pas sans rencontrer certains obstacles :<\/p>\n\n\n\n<ul>\n<li><strong>La r\u00e9sistance au changement<\/strong> peut s&#8217;installer <span style=\"text-decoration: underline;\">si les propositions ne sont pas en phase avec les aspirations des employ\u00e9s<\/span>. Certains peuvent ainsi devenir r\u00e9ticents aux propositions, quitte \u00e0 se restreindre ou \u00e0 envisager de changer d&#8217;employeur. D&#8217;autres peuvent percevoir l&#8217;id\u00e9e de la mobilit\u00e9 interne comme une menace pour leur propre position, qui pourrait \u00eatre convoit\u00e9e par l&#8217;ensemble de leurs coll\u00e8gues.<\/li>\n<\/ul>\n\n\n\n<ul>\n<li><strong>La gestion des attentes<\/strong> est ainsi particuli\u00e8rement importante. <span style=\"text-decoration: underline;\">Il est crucial d&#8217;\u00eatre \u00e9quitable<\/span> pour \u00e9viter les frustrations li\u00e9es au manque d&#8217;opportunit\u00e9s.<\/li>\n<\/ul>\n\n\n\n<ul>\n<li>De m\u00eame, <strong>l&#8217;entreprise se doit d&#8217;\u00eatre impartiale<\/strong>, de veiller \u00e0 ce que le processus de mobilit\u00e9 interne soit transparent pour <span style=\"text-decoration: underline;\">\u00e9viter toute perception de favoritisme<\/span>.<\/li>\n<\/ul>\n\n\n\n<h2 class=\"wp-block-heading\">La mise en place dans votre entreprise<\/h2>\n\n\n\n<p>Pour incorporer ce processus \u00e0 votre entreprise, il est n\u00e9cessaire d&#8217;avancer avec pr\u00e9caution. Suivre une d\u00e9marche structur\u00e9e vous permettra d&#8217;\u00eatre efficace.<\/p>\n\n\n\n<ol>\n<li><strong>L\u2019analyse des besoins<\/strong> : identifiez les <span style=\"text-decoration: underline;\">comp\u00e9tences actuelles<\/span> au sein de votre entreprise et celles qui seront <span style=\"text-decoration: underline;\">n\u00e9cessaires dans le futur<\/span>. Prenez notamment en compte les tendances du march\u00e9, les objectifs strat\u00e9giques de l&#8217;entreprise et les \u00e9volutions technologiques ou sectorielles pour <span style=\"text-decoration: underline;\">essayer d\u2019anticiper vos besoins<\/span>. Il s&#8217;agit d&#8217;une \u00e9tape cruciale pour comprendre quelles comp\u00e9tences seront essentielles pour emmener votre entreprise \u00e0 ses objectifs.<br><br><\/li>\n\n\n\n<li><strong>La d\u00e9termination des opportunit\u00e9s<\/strong> : apr\u00e8s avoir analys\u00e9 les besoins en comp\u00e9tences, <span style=\"text-decoration: underline;\">\u00e9valuez les aspirations professionnelles<\/span> et <span style=\"text-decoration: underline;\">les comp\u00e9tences de vos employ\u00e9s<\/span>. Cela implique d&#8217;identifier les employ\u00e9s ayant le potentiel de combler les lacunes en comp\u00e9tences identifi\u00e9es et de proposer des parcours de carri\u00e8re adapt\u00e9s. Cette \u00e9tape est essentielle pour <span style=\"text-decoration: underline;\">aligner les objectifs de l&#8217;entreprise avec les ambitions personnelles des employ\u00e9s<\/span>, favorisant ainsi une mobilit\u00e9 interne harmonieuse et efficace.<br><br><\/li>\n\n\n\n<li><strong>La cr\u00e9ation de parcours de carri\u00e8re<\/strong> : d\u00e9veloppez des itin\u00e9raires de carri\u00e8re clairs, en tenant compte des divers chemins de mobilit\u00e9 interne. Cela peut inclure des <span style=\"text-decoration: underline;\">plans de d\u00e9veloppement potentiels<\/span> personnalis\u00e9s pour chaque employ\u00e9, en fonction de leurs comp\u00e9tences actuelles et de leurs aspirations professionnelles.<br><br><\/li>\n\n\n\n<li><strong>La formation et le d\u00e9veloppement<\/strong> : investissez dans des <span style=\"text-decoration: underline;\">programmes de formation adapt\u00e9s<\/span> qui pr\u00e9parent les employ\u00e9s \u00e0 leurs nouvelles responsabilit\u00e9s. Cela peut inclure des formations techniques, des ateliers de d\u00e9veloppement de <a href=\"https:\/\/ekonseil-rh.fr\/evolution-du-travail-les-soft-skills-sont-importantes\/\">soft skills<\/a>, ou des programmes de mentorat.<br><br><\/li>\n\n\n\n<li><strong>Une communication efficace<\/strong> : assurez une communication transparente et r\u00e9guli\u00e8re sur les opportunit\u00e9s de mobilit\u00e9 interne. Cela implique de <span style=\"text-decoration: underline;\">tenir les employ\u00e9s inform\u00e9s des nouvelles opportunit\u00e9s<\/span>, des <span style=\"text-decoration: underline;\">crit\u00e8res de s\u00e9lection<\/span> et des <span style=\"text-decoration: underline;\">processus de candidature<\/span>.<br><br><\/li>\n\n\n\n<li><strong>L\u2019\u00e9valuation et le feedback<\/strong> : mettez en place des m\u00e9canismes pour \u00e9valuer r\u00e9guli\u00e8rement le succ\u00e8s de la mobilit\u00e9 interne, et <span style=\"text-decoration: underline;\">recueillez des retours d&#8217;exp\u00e9rience des employ\u00e9s et des managers<\/span>. Cela aidera \u00e0 ajuster et \u00e0 am\u00e9liorer continuellement votre approche.<br><br><\/li>\n\n\n\n<li><strong>Une culture d&#8217;entreprise favorable<\/strong> : encouragez une culture d&#8217;entreprise qui valorise l&#8217;apprentissage, la croissance et le d\u00e9veloppement interne. Cela peut inclure la <span style=\"text-decoration: underline;\">reconnaissance des r\u00e9ussites en mati\u00e8re de mobilit\u00e9 interne<\/span> et la <span style=\"text-decoration: underline;\">c\u00e9l\u00e9bration des parcours professionnels diversifi\u00e9s<\/span>.<\/li>\n<\/ol>\n\n\n\n<h1 class=\"wp-block-heading\">Cap sur la mobilit\u00e9 interne : en conclusion<\/h1>\n\n\n\n<p>La mobilit\u00e9 interne, lorsqu&#8217;elle est bien g\u00e9r\u00e9e, offre des avantages consid\u00e9rables tant pour les employ\u00e9s que pour l&#8217;entreprise. Elle favorise une <strong>culture d&#8217;engagement<\/strong>, de <strong>d\u00e9veloppement continu<\/strong> et d&#8217;<strong>adaptabilit\u00e9<\/strong>. En adoptant une d\u00e9marche structur\u00e9e, transparente et \u00e9quitable, les entreprises peuvent <strong>maximiser le potentiel de leurs \u00e9quipes<\/strong>, tout <strong>en renfor\u00e7ant leur comp\u00e9titivit\u00e9 et leur attractivit\u00e9<\/strong> en tant qu&#8217;employeur de choix.<\/p>\n","protected":false},"excerpt":{"rendered":"<p>Alors que les entreprises de toutes tailles et de tous secteurs cherchent \u00e0 maximiser leurs recrutements et \u00e0 r\u00e9duire le turnover de leurs effectifs, la mobilit\u00e9 interne appara\u00eet comme une solution idoine, mais reste cependant parfois sous-estim\u00e9e. Elle permet pourtant de r\u00e9pondre \u00e0 certaines aspirations des employ\u00e9s dans leur d\u00e9veloppement de carri\u00e8re et engendre ainsi [&hellip;]<\/p>\n","protected":false},"author":3,"featured_media":5357,"comment_status":"closed","ping_status":"open","sticky":false,"template":"","format":"standard","meta":{"_eb_attr":"","footnotes":""},"categories":[77],"tags":[],"blocksy_meta":[],"featured_image_urls":{"full":["https:\/\/ekonseil-rh.fr\/wp-content\/uploads\/2023\/12\/thisisengineering-raeng-TXxiFuQLBKQ-unsplash.jpg",1920,1281,false],"thumbnail":["https:\/\/ekonseil-rh.fr\/wp-content\/uploads\/2023\/12\/thisisengineering-raeng-TXxiFuQLBKQ-unsplash-150x150.jpg",150,150,true],"medium":["https:\/\/ekonseil-rh.fr\/wp-content\/uploads\/2023\/12\/thisisengineering-raeng-TXxiFuQLBKQ-unsplash-300x200.jpg",300,200,true],"medium_large":["https:\/\/ekonseil-rh.fr\/wp-content\/uploads\/2023\/12\/thisisengineering-raeng-TXxiFuQLBKQ-unsplash-768x512.jpg",768,512,true],"large":["https:\/\/ekonseil-rh.fr\/wp-content\/uploads\/2023\/12\/thisisengineering-raeng-TXxiFuQLBKQ-unsplash-1024x683.jpg",1024,683,true],"course_archive_thumbnail":["https:\/\/ekonseil-rh.fr\/wp-content\/uploads\/2023\/12\/thisisengineering-raeng-TXxiFuQLBKQ-unsplash-100x67.jpg",100,67,true],"course_single_thumbnail":["https:\/\/ekonseil-rh.fr\/wp-content\/uploads\/2023\/12\/thisisengineering-raeng-TXxiFuQLBKQ-unsplash-100x67.jpg",100,67,true],"lesson_archive_thumbnail":["https:\/\/ekonseil-rh.fr\/wp-content\/uploads\/2023\/12\/thisisengineering-raeng-TXxiFuQLBKQ-unsplash-100x67.jpg",100,67,true],"lesson_single_thumbnail":["https:\/\/ekonseil-rh.fr\/wp-content\/uploads\/2023\/12\/thisisengineering-raeng-TXxiFuQLBKQ-unsplash-100x67.jpg",100,67,true],"1536x1536":["https:\/\/ekonseil-rh.fr\/wp-content\/uploads\/2023\/12\/thisisengineering-raeng-TXxiFuQLBKQ-unsplash-1536x1025.jpg",1536,1025,true],"2048x2048":["https:\/\/ekonseil-rh.fr\/wp-content\/uploads\/2023\/12\/thisisengineering-raeng-TXxiFuQLBKQ-unsplash.jpg",1920,1281,false]},"post_excerpt_stackable":"<p>Alors que les entreprises de toutes tailles et de tous secteurs cherchent \u00e0 maximiser leurs recrutements et \u00e0 r\u00e9duire le turnover de leurs effectifs, la mobilit\u00e9 interne appara\u00eet comme une solution idoine, mais reste cependant parfois sous-estim\u00e9e. Elle permet pourtant de r\u00e9pondre \u00e0 certaines aspirations des employ\u00e9s dans leur d\u00e9veloppement de carri\u00e8re et engendre ainsi un plus grand engagement vis-\u00e0-vis de l&#8217;employeur. Cet article explore les avantages de la mobilit\u00e9 interne, y d\u00e9c\u00e8le quelques d\u00e9fis et vous propose des strat\u00e9gies pour une mise en place efficace dans votre entreprise. D\u00e9finition de la mobilit\u00e9 interne La mobilit\u00e9 interne d\u00e9signe le processus\u2026<\/p>\n","category_list":"<a href=\"https:\/\/ekonseil-rh.fr\/category\/coaching\/\" rel=\"category tag\">Coaching<\/a>","author_info":{"name":"E-KONSEIL RH","url":"https:\/\/ekonseil-rh.fr\/author\/lderache\/"},"comments_num":"0 commentaire","yoast_head":"<!-- This site is optimized with the Yoast SEO plugin v21.8 - https:\/\/yoast.com\/wordpress\/plugins\/seo\/ -->\n<title>Quels sont les avantages de la mobilit\u00e9 interne en entreprise ? - E- KONSEIL RH<\/title>\n<meta name=\"robots\" content=\"index, follow, max-snippet:-1, max-image-preview:large, max-video-preview:-1\" \/>\n<link rel=\"canonical\" href=\"https:\/\/ekonseil-rh.fr\/quels-sont-les-avantages-de-la-mobilite-interne-en-entreprise\/\" \/>\n<meta property=\"og:locale\" content=\"fr_FR\" \/>\n<meta property=\"og:type\" content=\"article\" \/>\n<meta property=\"og:title\" content=\"Quels sont les avantages de la mobilit\u00e9 interne en entreprise ? - E- KONSEIL RH\" \/>\n<meta property=\"og:description\" content=\"Alors que les entreprises de toutes tailles et de tous secteurs cherchent \u00e0 maximiser leurs recrutements et \u00e0 r\u00e9duire le turnover de leurs effectifs, la mobilit\u00e9 interne appara\u00eet comme une solution idoine, mais reste cependant parfois sous-estim\u00e9e. Elle permet pourtant de r\u00e9pondre \u00e0 certaines aspirations des employ\u00e9s dans leur d\u00e9veloppement de carri\u00e8re et engendre ainsi [&hellip;]\" \/>\n<meta property=\"og:url\" content=\"https:\/\/ekonseil-rh.fr\/quels-sont-les-avantages-de-la-mobilite-interne-en-entreprise\/\" \/>\n<meta property=\"og:site_name\" content=\"E- KONSEIL RH\" \/>\n<meta property=\"article:publisher\" content=\"https:\/\/www.facebook.com\/EKonseilRH\/\" \/>\n<meta property=\"article:published_time\" content=\"2023-12-18T14:46:09+00:00\" \/>\n<meta property=\"article:modified_time\" content=\"2025-05-22T12:51:34+00:00\" \/>\n<meta property=\"og:image\" content=\"https:\/\/ekonseil-rh.fr\/wp-content\/uploads\/2023\/12\/thisisengineering-raeng-TXxiFuQLBKQ-unsplash.jpg\" \/>\n\t<meta property=\"og:image:width\" content=\"1920\" \/>\n\t<meta property=\"og:image:height\" content=\"1281\" \/>\n\t<meta property=\"og:image:type\" content=\"image\/jpeg\" \/>\n<meta name=\"author\" content=\"E-KONSEIL RH\" \/>\n<meta name=\"twitter:card\" content=\"summary_large_image\" \/>\n<meta name=\"twitter:creator\" content=\"@ekonseilrh\" \/>\n<meta name=\"twitter:site\" content=\"@ekonseilrh\" \/>\n<meta name=\"twitter:label1\" content=\"\u00c9crit par\" \/>\n\t<meta name=\"twitter:data1\" content=\"E-KONSEIL RH\" \/>\n\t<meta name=\"twitter:label2\" content=\"Dur\u00e9e de lecture estim\u00e9e\" \/>\n\t<meta name=\"twitter:data2\" content=\"6 minutes\" \/>\n<script type=\"application\/ld+json\" class=\"yoast-schema-graph\">{\"@context\":\"https:\/\/schema.org\",\"@graph\":[{\"@type\":\"Article\",\"@id\":\"https:\/\/ekonseil-rh.fr\/quels-sont-les-avantages-de-la-mobilite-interne-en-entreprise\/#article\",\"isPartOf\":{\"@id\":\"https:\/\/ekonseil-rh.fr\/quels-sont-les-avantages-de-la-mobilite-interne-en-entreprise\/\"},\"author\":{\"name\":\"E-KONSEIL RH\",\"@id\":\"https:\/\/ekonseil-rh.fr\/#\/schema\/person\/ae40df95309441731cd1219d04a7630d\"},\"headline\":\"Quels sont les avantages de la mobilit\u00e9 interne en entreprise ?\",\"datePublished\":\"2023-12-18T14:46:09+00:00\",\"dateModified\":\"2025-05-22T12:51:34+00:00\",\"mainEntityOfPage\":{\"@id\":\"https:\/\/ekonseil-rh.fr\/quels-sont-les-avantages-de-la-mobilite-interne-en-entreprise\/\"},\"wordCount\":1087,\"publisher\":{\"@id\":\"https:\/\/ekonseil-rh.fr\/#organization\"},\"articleSection\":[\"Coaching\"],\"inLanguage\":\"fr-FR\"},{\"@type\":\"WebPage\",\"@id\":\"https:\/\/ekonseil-rh.fr\/quels-sont-les-avantages-de-la-mobilite-interne-en-entreprise\/\",\"url\":\"https:\/\/ekonseil-rh.fr\/quels-sont-les-avantages-de-la-mobilite-interne-en-entreprise\/\",\"name\":\"Quels sont les avantages de la mobilit\u00e9 interne en entreprise ? - E- KONSEIL RH\",\"isPartOf\":{\"@id\":\"https:\/\/ekonseil-rh.fr\/#website\"},\"datePublished\":\"2023-12-18T14:46:09+00:00\",\"dateModified\":\"2025-05-22T12:51:34+00:00\",\"inLanguage\":\"fr-FR\",\"potentialAction\":[{\"@type\":\"ReadAction\",\"target\":[\"https:\/\/ekonseil-rh.fr\/quels-sont-les-avantages-de-la-mobilite-interne-en-entreprise\/\"]}]},{\"@type\":\"WebSite\",\"@id\":\"https:\/\/ekonseil-rh.fr\/#website\",\"url\":\"https:\/\/ekonseil-rh.fr\/\",\"name\":\"E- KONSEIL RH\",\"description\":\"Notre exp\u00e9rience m\u00e8ne \u00e0 votre r\u00e9ussite\",\"publisher\":{\"@id\":\"https:\/\/ekonseil-rh.fr\/#organization\"},\"potentialAction\":[{\"@type\":\"SearchAction\",\"target\":{\"@type\":\"EntryPoint\",\"urlTemplate\":\"https:\/\/ekonseil-rh.fr\/?s={search_term_string}\"},\"query-input\":\"required name=search_term_string\"}],\"inLanguage\":\"fr-FR\"},{\"@type\":\"Organization\",\"@id\":\"https:\/\/ekonseil-rh.fr\/#organization\",\"name\":\"E- KONSEIL RH\",\"url\":\"https:\/\/ekonseil-rh.fr\/\",\"logo\":{\"@type\":\"ImageObject\",\"inLanguage\":\"fr-FR\",\"@id\":\"https:\/\/ekonseil-rh.fr\/#\/schema\/logo\/image\/\",\"url\":\"https:\/\/ekonseil-rh.fr\/wp-content\/uploads\/2024\/10\/Logo-E-KONSEIL-RH-Bleu-noir.png\",\"contentUrl\":\"https:\/\/ekonseil-rh.fr\/wp-content\/uploads\/2024\/10\/Logo-E-KONSEIL-RH-Bleu-noir.png\",\"width\":2566,\"height\":864,\"caption\":\"E- KONSEIL RH\"},\"image\":{\"@id\":\"https:\/\/ekonseil-rh.fr\/#\/schema\/logo\/image\/\"},\"sameAs\":[\"https:\/\/www.facebook.com\/EKonseilRH\/\",\"https:\/\/twitter.com\/ekonseilrh\",\"https:\/\/fr.linkedin.com\/in\/laurence-derache-22766b30\"]},{\"@type\":\"Person\",\"@id\":\"https:\/\/ekonseil-rh.fr\/#\/schema\/person\/ae40df95309441731cd1219d04a7630d\",\"name\":\"E-KONSEIL RH\",\"image\":{\"@type\":\"ImageObject\",\"inLanguage\":\"fr-FR\",\"@id\":\"https:\/\/ekonseil-rh.fr\/#\/schema\/person\/image\/\",\"url\":\"https:\/\/secure.gravatar.com\/avatar\/d509340c0191282214e3820d1a128a39?s=96&d=blank&r=g\",\"contentUrl\":\"https:\/\/secure.gravatar.com\/avatar\/d509340c0191282214e3820d1a128a39?s=96&d=blank&r=g\",\"caption\":\"E-KONSEIL RH\"},\"sameAs\":[\"https:\/\/www.ekonseil-rh.fr\"]}]}<\/script>\n<!-- \/ Yoast SEO plugin. -->","yoast_head_json":{"title":"Quels sont les avantages de la mobilit\u00e9 interne en entreprise ? - E- KONSEIL RH","robots":{"index":"index","follow":"follow","max-snippet":"max-snippet:-1","max-image-preview":"max-image-preview:large","max-video-preview":"max-video-preview:-1"},"canonical":"https:\/\/ekonseil-rh.fr\/quels-sont-les-avantages-de-la-mobilite-interne-en-entreprise\/","og_locale":"fr_FR","og_type":"article","og_title":"Quels sont les avantages de la mobilit\u00e9 interne en entreprise ? - E- KONSEIL RH","og_description":"Alors que les entreprises de toutes tailles et de tous secteurs cherchent \u00e0 maximiser leurs recrutements et \u00e0 r\u00e9duire le turnover de leurs effectifs, la mobilit\u00e9 interne appara\u00eet comme une solution idoine, mais reste cependant parfois sous-estim\u00e9e. Elle permet pourtant de r\u00e9pondre \u00e0 certaines aspirations des employ\u00e9s dans leur d\u00e9veloppement de carri\u00e8re et engendre ainsi [&hellip;]","og_url":"https:\/\/ekonseil-rh.fr\/quels-sont-les-avantages-de-la-mobilite-interne-en-entreprise\/","og_site_name":"E- KONSEIL RH","article_publisher":"https:\/\/www.facebook.com\/EKonseilRH\/","article_published_time":"2023-12-18T14:46:09+00:00","article_modified_time":"2025-05-22T12:51:34+00:00","og_image":[{"width":1920,"height":1281,"url":"https:\/\/ekonseil-rh.fr\/wp-content\/uploads\/2023\/12\/thisisengineering-raeng-TXxiFuQLBKQ-unsplash.jpg","type":"image\/jpeg"}],"author":"E-KONSEIL RH","twitter_card":"summary_large_image","twitter_creator":"@ekonseilrh","twitter_site":"@ekonseilrh","twitter_misc":{"\u00c9crit par":"E-KONSEIL RH","Dur\u00e9e de lecture estim\u00e9e":"6 minutes"},"schema":{"@context":"https:\/\/schema.org","@graph":[{"@type":"Article","@id":"https:\/\/ekonseil-rh.fr\/quels-sont-les-avantages-de-la-mobilite-interne-en-entreprise\/#article","isPartOf":{"@id":"https:\/\/ekonseil-rh.fr\/quels-sont-les-avantages-de-la-mobilite-interne-en-entreprise\/"},"author":{"name":"E-KONSEIL RH","@id":"https:\/\/ekonseil-rh.fr\/#\/schema\/person\/ae40df95309441731cd1219d04a7630d"},"headline":"Quels sont les avantages de la mobilit\u00e9 interne en entreprise ?","datePublished":"2023-12-18T14:46:09+00:00","dateModified":"2025-05-22T12:51:34+00:00","mainEntityOfPage":{"@id":"https:\/\/ekonseil-rh.fr\/quels-sont-les-avantages-de-la-mobilite-interne-en-entreprise\/"},"wordCount":1087,"publisher":{"@id":"https:\/\/ekonseil-rh.fr\/#organization"},"articleSection":["Coaching"],"inLanguage":"fr-FR"},{"@type":"WebPage","@id":"https:\/\/ekonseil-rh.fr\/quels-sont-les-avantages-de-la-mobilite-interne-en-entreprise\/","url":"https:\/\/ekonseil-rh.fr\/quels-sont-les-avantages-de-la-mobilite-interne-en-entreprise\/","name":"Quels sont les avantages de la mobilit\u00e9 interne en entreprise ? - E- KONSEIL RH","isPartOf":{"@id":"https:\/\/ekonseil-rh.fr\/#website"},"datePublished":"2023-12-18T14:46:09+00:00","dateModified":"2025-05-22T12:51:34+00:00","inLanguage":"fr-FR","potentialAction":[{"@type":"ReadAction","target":["https:\/\/ekonseil-rh.fr\/quels-sont-les-avantages-de-la-mobilite-interne-en-entreprise\/"]}]},{"@type":"WebSite","@id":"https:\/\/ekonseil-rh.fr\/#website","url":"https:\/\/ekonseil-rh.fr\/","name":"E- KONSEIL RH","description":"Notre exp\u00e9rience m\u00e8ne \u00e0 votre r\u00e9ussite","publisher":{"@id":"https:\/\/ekonseil-rh.fr\/#organization"},"potentialAction":[{"@type":"SearchAction","target":{"@type":"EntryPoint","urlTemplate":"https:\/\/ekonseil-rh.fr\/?s={search_term_string}"},"query-input":"required name=search_term_string"}],"inLanguage":"fr-FR"},{"@type":"Organization","@id":"https:\/\/ekonseil-rh.fr\/#organization","name":"E- KONSEIL RH","url":"https:\/\/ekonseil-rh.fr\/","logo":{"@type":"ImageObject","inLanguage":"fr-FR","@id":"https:\/\/ekonseil-rh.fr\/#\/schema\/logo\/image\/","url":"https:\/\/ekonseil-rh.fr\/wp-content\/uploads\/2024\/10\/Logo-E-KONSEIL-RH-Bleu-noir.png","contentUrl":"https:\/\/ekonseil-rh.fr\/wp-content\/uploads\/2024\/10\/Logo-E-KONSEIL-RH-Bleu-noir.png","width":2566,"height":864,"caption":"E- KONSEIL RH"},"image":{"@id":"https:\/\/ekonseil-rh.fr\/#\/schema\/logo\/image\/"},"sameAs":["https:\/\/www.facebook.com\/EKonseilRH\/","https:\/\/twitter.com\/ekonseilrh","https:\/\/fr.linkedin.com\/in\/laurence-derache-22766b30"]},{"@type":"Person","@id":"https:\/\/ekonseil-rh.fr\/#\/schema\/person\/ae40df95309441731cd1219d04a7630d","name":"E-KONSEIL RH","image":{"@type":"ImageObject","inLanguage":"fr-FR","@id":"https:\/\/ekonseil-rh.fr\/#\/schema\/person\/image\/","url":"https:\/\/secure.gravatar.com\/avatar\/d509340c0191282214e3820d1a128a39?s=96&d=blank&r=g","contentUrl":"https:\/\/secure.gravatar.com\/avatar\/d509340c0191282214e3820d1a128a39?s=96&d=blank&r=g","caption":"E-KONSEIL RH"},"sameAs":["https:\/\/www.ekonseil-rh.fr"]}]}},"_links":{"self":[{"href":"https:\/\/ekonseil-rh.fr\/wp_json\/wp\/v2\/posts\/5356"}],"collection":[{"href":"https:\/\/ekonseil-rh.fr\/wp_json\/wp\/v2\/posts"}],"about":[{"href":"https:\/\/ekonseil-rh.fr\/wp_json\/wp\/v2\/types\/post"}],"author":[{"embeddable":true,"href":"https:\/\/ekonseil-rh.fr\/wp_json\/wp\/v2\/users\/3"}],"replies":[{"embeddable":true,"href":"https:\/\/ekonseil-rh.fr\/wp_json\/wp\/v2\/comments?post=5356"}],"version-history":[{"count":7,"href":"https:\/\/ekonseil-rh.fr\/wp_json\/wp\/v2\/posts\/5356\/revisions"}],"predecessor-version":[{"id":5371,"href":"https:\/\/ekonseil-rh.fr\/wp_json\/wp\/v2\/posts\/5356\/revisions\/5371"}],"wp:featuredmedia":[{"embeddable":true,"href":"https:\/\/ekonseil-rh.fr\/wp_json\/wp\/v2\/media\/5357"}],"wp:attachment":[{"href":"https:\/\/ekonseil-rh.fr\/wp_json\/wp\/v2\/media?parent=5356"}],"wp:term":[{"taxonomy":"category","embeddable":true,"href":"https:\/\/ekonseil-rh.fr\/wp_json\/wp\/v2\/categories?post=5356"},{"taxonomy":"post_tag","embeddable":true,"href":"https:\/\/ekonseil-rh.fr\/wp_json\/wp\/v2\/tags?post=5356"}],"curies":[{"name":"wp","href":"https:\/\/api.w.org\/{rel}","templated":true}]}}