{"id":5289,"date":"2023-10-04T15:54:24","date_gmt":"2023-10-04T14:54:24","guid":{"rendered":"https:\/\/ekonseil-rh.fr\/?p=5289"},"modified":"2025-05-22T13:52:11","modified_gmt":"2025-05-22T12:52:11","slug":"medef-douaisi-rentree-des-entrepreneurs","status":"publish","type":"post","link":"https:\/\/ekonseil-rh.fr\/medef-douaisi-rentree-des-entrepreneurs\/","title":{"rendered":"MEDEF DOUAISI : Rentr\u00e9e des entrepreneurs"},"content":{"rendered":"\n<p> E KONSEIL RH \u00e9tait pr\u00e9sent lors de cet \u00e9v\u00e8nement, merci au MEDEF DOUAISI de nous avoir convi\u00e9.<\/p>\n\n\n\n<p>Actualit\u00e9 \u00e9conomique avec l\u2019intervention d&#8217;Anthony Benhamou.<\/p>\n\n\n\n<p>Merci \u00e0 Maison et Cit\u00e9s de nous avoir \u00e9bloui par la visite du LUM : Fleuron du bien-\u00eatre au travail, et qui donne le ton d&#8217;un futur Eura-Douai avant-gardiste.<\/p>\n\n\n<figure class=\"wp-block-post-featured-image\"><img loading=\"lazy\" decoding=\"async\" width=\"1931\" height=\"1536\" src=\"https:\/\/ekonseil-rh.fr\/wp-content\/uploads\/2023\/10\/GROUPE-2.jpg\" class=\"attachment-post-thumbnail size-post-thumbnail wp-post-image\" alt=\"\" style=\"object-fit:cover;\" srcset=\"https:\/\/ekonseil-rh.fr\/wp-content\/uploads\/2023\/10\/GROUPE-2.jpg 1931w, https:\/\/ekonseil-rh.fr\/wp-content\/uploads\/2023\/10\/GROUPE-2-300x239.jpg 300w, https:\/\/ekonseil-rh.fr\/wp-content\/uploads\/2023\/10\/GROUPE-2-1024x815.jpg 1024w, https:\/\/ekonseil-rh.fr\/wp-content\/uploads\/2023\/10\/GROUPE-2-768x611.jpg 768w, https:\/\/ekonseil-rh.fr\/wp-content\/uploads\/2023\/10\/GROUPE-2-100x80.jpg 100w, https:\/\/ekonseil-rh.fr\/wp-content\/uploads\/2023\/10\/GROUPE-2-1536x1222.jpg 1536w\" sizes=\"(max-width: 1931px) 100vw, 1931px\" \/><\/figure>\n\n\n<figure class=\"wp-block-image size-large\"><a href=\"https:\/\/ekonseil-rh.fr\/wp-content\/uploads\/2023\/10\/GROUPE-2.jpg\"><img loading=\"lazy\" decoding=\"async\" width=\"1024\" height=\"815\" src=\"https:\/\/ekonseil-rh.fr\/wp-content\/uploads\/2023\/10\/GROUPE-2-1024x815.jpg\" alt=\"\" class=\"wp-image-5298\" srcset=\"https:\/\/ekonseil-rh.fr\/wp-content\/uploads\/2023\/10\/GROUPE-2-1024x815.jpg 1024w, https:\/\/ekonseil-rh.fr\/wp-content\/uploads\/2023\/10\/GROUPE-2-300x239.jpg 300w, https:\/\/ekonseil-rh.fr\/wp-content\/uploads\/2023\/10\/GROUPE-2-768x611.jpg 768w, https:\/\/ekonseil-rh.fr\/wp-content\/uploads\/2023\/10\/GROUPE-2-100x80.jpg 100w, https:\/\/ekonseil-rh.fr\/wp-content\/uploads\/2023\/10\/GROUPE-2-1536x1222.jpg 1536w, https:\/\/ekonseil-rh.fr\/wp-content\/uploads\/2023\/10\/GROUPE-2.jpg 1931w\" sizes=\"(max-width: 1024px) 100vw, 1024px\" \/><\/a><\/figure>\n\n\n\n<figure class=\"wp-block-gallery has-nested-images columns-default is-cropped wp-block-gallery-1 is-layout-flex wp-block-gallery-is-layout-flex\">\n<figure class=\"wp-block-image size-large\"><a href=\"https:\/\/ekonseil-rh.fr\/wp-content\/uploads\/2023\/10\/GROUPE-1.jpg\"><img loading=\"lazy\" decoding=\"async\" width=\"1024\" height=\"815\" data-id=\"5292\" src=\"https:\/\/ekonseil-rh.fr\/wp-content\/uploads\/2023\/10\/GROUPE-1-1024x815.jpg\" alt=\"\" class=\"wp-image-5292\" srcset=\"https:\/\/ekonseil-rh.fr\/wp-content\/uploads\/2023\/10\/GROUPE-1-1024x815.jpg 1024w, https:\/\/ekonseil-rh.fr\/wp-content\/uploads\/2023\/10\/GROUPE-1-300x239.jpg 300w, https:\/\/ekonseil-rh.fr\/wp-content\/uploads\/2023\/10\/GROUPE-1-768x611.jpg 768w, https:\/\/ekonseil-rh.fr\/wp-content\/uploads\/2023\/10\/GROUPE-1-100x80.jpg 100w, https:\/\/ekonseil-rh.fr\/wp-content\/uploads\/2023\/10\/GROUPE-1-1536x1222.jpg 1536w, https:\/\/ekonseil-rh.fr\/wp-content\/uploads\/2023\/10\/GROUPE-1.jpg 1931w\" sizes=\"(max-width: 1024px) 100vw, 1024px\" \/><\/a><\/figure>\n<\/figure>\n\n\n\n<figure class=\"wp-block-image size-large\"><a href=\"https:\/\/ekonseil-rh.fr\/wp-content\/uploads\/2023\/10\/LUM-1.jpg\"><img loading=\"lazy\" decoding=\"async\" width=\"1024\" height=\"708\" src=\"https:\/\/ekonseil-rh.fr\/wp-content\/uploads\/2023\/10\/LUM-1-1024x708.jpg\" alt=\"\" class=\"wp-image-5293\" srcset=\"https:\/\/ekonseil-rh.fr\/wp-content\/uploads\/2023\/10\/LUM-1-1024x708.jpg 1024w, https:\/\/ekonseil-rh.fr\/wp-content\/uploads\/2023\/10\/LUM-1-300x207.jpg 300w, https:\/\/ekonseil-rh.fr\/wp-content\/uploads\/2023\/10\/LUM-1-768x531.jpg 768w, https:\/\/ekonseil-rh.fr\/wp-content\/uploads\/2023\/10\/LUM-1-100x69.jpg 100w, https:\/\/ekonseil-rh.fr\/wp-content\/uploads\/2023\/10\/LUM-1.jpg 1107w\" sizes=\"(max-width: 1024px) 100vw, 1024px\" \/><\/a><\/figure>\n","protected":false},"excerpt":{"rendered":"<p>E KONSEIL RH \u00e9tait pr\u00e9sent lors de cet \u00e9v\u00e8nement, merci au MEDEF DOUAISI de nous avoir convi\u00e9. Actualit\u00e9 \u00e9conomique avec l\u2019intervention d&#8217;Anthony Benhamou. Merci \u00e0 Maison et Cit\u00e9s de nous avoir \u00e9bloui par la visite du LUM : Fleuron du bien-\u00eatre au travail, et qui donne le ton d&#8217;un futur Eura-Douai avant-gardiste.<\/p>\n","protected":false},"author":43,"featured_media":5298,"comment_status":"closed","ping_status":"open","sticky":false,"template":"","format":"standard","meta":{"_eb_attr":"","footnotes":""},"categories":[77,99],"tags":[],"blocksy_meta":[],"featured_image_urls":{"full":["https:\/\/ekonseil-rh.fr\/wp-content\/uploads\/2023\/10\/GROUPE-2.jpg",1931,1536,false],"thumbnail":["https:\/\/ekonseil-rh.fr\/wp-content\/uploads\/2023\/10\/GROUPE-2-150x150.jpg",150,150,true],"medium":["https:\/\/ekonseil-rh.fr\/wp-content\/uploads\/2023\/10\/GROUPE-2-300x239.jpg",300,239,true],"medium_large":["https:\/\/ekonseil-rh.fr\/wp-content\/uploads\/2023\/10\/GROUPE-2-768x611.jpg",768,611,true],"large":["https:\/\/ekonseil-rh.fr\/wp-content\/uploads\/2023\/10\/GROUPE-2-1024x815.jpg",1024,815,true],"course_archive_thumbnail":["https:\/\/ekonseil-rh.fr\/wp-content\/uploads\/2023\/10\/GROUPE-2-100x80.jpg",100,80,true],"course_single_thumbnail":["https:\/\/ekonseil-rh.fr\/wp-content\/uploads\/2023\/10\/GROUPE-2-100x80.jpg",100,80,true],"lesson_archive_thumbnail":["https:\/\/ekonseil-rh.fr\/wp-content\/uploads\/2023\/10\/GROUPE-2-100x80.jpg",100,80,true],"lesson_single_thumbnail":["https:\/\/ekonseil-rh.fr\/wp-content\/uploads\/2023\/10\/GROUPE-2-100x80.jpg",100,80,true],"1536x1536":["https:\/\/ekonseil-rh.fr\/wp-content\/uploads\/2023\/10\/GROUPE-2-1536x1222.jpg",1536,1222,true],"2048x2048":["https:\/\/ekonseil-rh.fr\/wp-content\/uploads\/2023\/10\/GROUPE-2.jpg",1931,1536,false]},"post_excerpt_stackable":"<p>E KONSEIL RH \u00e9tait pr\u00e9sent lors de cet \u00e9v\u00e8nement, merci au MEDEF DOUAISI de nous avoir convi\u00e9. Actualit\u00e9 \u00e9conomique avec l\u2019intervention d&#8217;Anthony Benhamou. Merci \u00e0 Maison et Cit\u00e9s de nous avoir \u00e9bloui par la visite du LUM : Fleuron du bien-\u00eatre au travail, et qui donne le ton d&#8217;un futur Eura-Douai avant-gardiste.<\/p>\n","category_list":"<a href=\"https:\/\/ekonseil-rh.fr\/category\/coaching\/\" rel=\"category tag\">Coaching<\/a>, <a href=\"https:\/\/ekonseil-rh.fr\/category\/partenariat\/\" rel=\"category tag\">Partenariat<\/a>","author_info":{"name":"ekonseil-rh.fr","url":"https:\/\/ekonseil-rh.fr\/author\/contactekonseil-rh-fr\/"},"comments_num":"0 commentaire","yoast_head":"<!-- This site is optimized with the Yoast SEO plugin v21.8 - https:\/\/yoast.com\/wordpress\/plugins\/seo\/ -->\n<title>MEDEF DOUAISI : Rentr\u00e9e des entrepreneurs - E- KONSEIL RH<\/title>\n<meta name=\"robots\" content=\"index, follow, max-snippet:-1, max-image-preview:large, max-video-preview:-1\" \/>\n<link rel=\"canonical\" href=\"https:\/\/ekonseil-rh.fr\/medef-douaisi-rentree-des-entrepreneurs\/\" \/>\n<meta property=\"og:locale\" content=\"fr_FR\" \/>\n<meta property=\"og:type\" content=\"article\" \/>\n<meta property=\"og:title\" content=\"MEDEF DOUAISI : Rentr\u00e9e des entrepreneurs - E- KONSEIL RH\" \/>\n<meta property=\"og:description\" content=\"E KONSEIL RH \u00e9tait pr\u00e9sent lors de cet \u00e9v\u00e8nement, merci au MEDEF DOUAISI de nous avoir convi\u00e9. Actualit\u00e9 \u00e9conomique avec l\u2019intervention d&#8217;Anthony Benhamou. Merci \u00e0 Maison et Cit\u00e9s de nous avoir \u00e9bloui par la visite du LUM : Fleuron du bien-\u00eatre au travail, et qui donne le ton d&#8217;un futur Eura-Douai avant-gardiste.\" \/>\n<meta property=\"og:url\" content=\"https:\/\/ekonseil-rh.fr\/medef-douaisi-rentree-des-entrepreneurs\/\" \/>\n<meta property=\"og:site_name\" content=\"E- KONSEIL RH\" \/>\n<meta property=\"article:publisher\" content=\"https:\/\/www.facebook.com\/EKonseilRH\/\" \/>\n<meta property=\"article:published_time\" content=\"2023-10-04T14:54:24+00:00\" \/>\n<meta property=\"article:modified_time\" content=\"2025-05-22T12:52:11+00:00\" \/>\n<meta property=\"og:image\" content=\"https:\/\/ekonseil-rh.fr\/wp-content\/uploads\/2023\/10\/GROUPE-1.jpg\" \/>\n\t<meta property=\"og:image:width\" content=\"1931\" \/>\n\t<meta property=\"og:image:height\" content=\"1536\" \/>\n\t<meta property=\"og:image:type\" content=\"image\/jpeg\" \/>\n<meta name=\"author\" content=\"ekonseil-rh.fr\" \/>\n<meta name=\"twitter:card\" content=\"summary_large_image\" \/>\n<meta name=\"twitter:creator\" content=\"@ekonseilrh\" \/>\n<meta name=\"twitter:site\" content=\"@ekonseilrh\" \/>\n<meta name=\"twitter:label1\" content=\"\u00c9crit par\" \/>\n\t<meta name=\"twitter:data1\" content=\"ekonseil-rh.fr\" \/>\n\t<meta name=\"twitter:label2\" content=\"Dur\u00e9e de lecture estim\u00e9e\" \/>\n\t<meta name=\"twitter:data2\" content=\"1 minute\" \/>\n<script type=\"application\/ld+json\" class=\"yoast-schema-graph\">{\"@context\":\"https:\/\/schema.org\",\"@graph\":[{\"@type\":\"Article\",\"@id\":\"https:\/\/ekonseil-rh.fr\/medef-douaisi-rentree-des-entrepreneurs\/#article\",\"isPartOf\":{\"@id\":\"https:\/\/ekonseil-rh.fr\/medef-douaisi-rentree-des-entrepreneurs\/\"},\"author\":{\"name\":\"ekonseil-rh.fr\",\"@id\":\"https:\/\/ekonseil-rh.fr\/#\/schema\/person\/027725d93f922f59709d6b241b242f54\"},\"headline\":\"MEDEF DOUAISI : Rentr\u00e9e des entrepreneurs\",\"datePublished\":\"2023-10-04T14:54:24+00:00\",\"dateModified\":\"2025-05-22T12:52:11+00:00\",\"mainEntityOfPage\":{\"@id\":\"https:\/\/ekonseil-rh.fr\/medef-douaisi-rentree-des-entrepreneurs\/\"},\"wordCount\":61,\"publisher\":{\"@id\":\"https:\/\/ekonseil-rh.fr\/#organization\"},\"articleSection\":[\"Coaching\",\"Partenariat\"],\"inLanguage\":\"fr-FR\"},{\"@type\":\"WebPage\",\"@id\":\"https:\/\/ekonseil-rh.fr\/medef-douaisi-rentree-des-entrepreneurs\/\",\"url\":\"https:\/\/ekonseil-rh.fr\/medef-douaisi-rentree-des-entrepreneurs\/\",\"name\":\"MEDEF DOUAISI : Rentr\u00e9e des entrepreneurs - E- KONSEIL RH\",\"isPartOf\":{\"@id\":\"https:\/\/ekonseil-rh.fr\/#website\"},\"datePublished\":\"2023-10-04T14:54:24+00:00\",\"dateModified\":\"2025-05-22T12:52:11+00:00\",\"inLanguage\":\"fr-FR\",\"potentialAction\":[{\"@type\":\"ReadAction\",\"target\":[\"https:\/\/ekonseil-rh.fr\/medef-douaisi-rentree-des-entrepreneurs\/\"]}]},{\"@type\":\"WebSite\",\"@id\":\"https:\/\/ekonseil-rh.fr\/#website\",\"url\":\"https:\/\/ekonseil-rh.fr\/\",\"name\":\"E- KONSEIL RH\",\"description\":\"Notre exp\u00e9rience m\u00e8ne \u00e0 votre r\u00e9ussite\",\"publisher\":{\"@id\":\"https:\/\/ekonseil-rh.fr\/#organization\"},\"potentialAction\":[{\"@type\":\"SearchAction\",\"target\":{\"@type\":\"EntryPoint\",\"urlTemplate\":\"https:\/\/ekonseil-rh.fr\/?s={search_term_string}\"},\"query-input\":\"required name=search_term_string\"}],\"inLanguage\":\"fr-FR\"},{\"@type\":\"Organization\",\"@id\":\"https:\/\/ekonseil-rh.fr\/#organization\",\"name\":\"E- KONSEIL RH\",\"url\":\"https:\/\/ekonseil-rh.fr\/\",\"logo\":{\"@type\":\"ImageObject\",\"inLanguage\":\"fr-FR\",\"@id\":\"https:\/\/ekonseil-rh.fr\/#\/schema\/logo\/image\/\",\"url\":\"https:\/\/ekonseil-rh.fr\/wp-content\/uploads\/2024\/10\/Logo-E-KONSEIL-RH-Bleu-noir.png\",\"contentUrl\":\"https:\/\/ekonseil-rh.fr\/wp-content\/uploads\/2024\/10\/Logo-E-KONSEIL-RH-Bleu-noir.png\",\"width\":2566,\"height\":864,\"caption\":\"E- KONSEIL RH\"},\"image\":{\"@id\":\"https:\/\/ekonseil-rh.fr\/#\/schema\/logo\/image\/\"},\"sameAs\":[\"https:\/\/www.facebook.com\/EKonseilRH\/\",\"https:\/\/twitter.com\/ekonseilrh\",\"https:\/\/fr.linkedin.com\/in\/laurence-derache-22766b30\"]},{\"@type\":\"Person\",\"@id\":\"https:\/\/ekonseil-rh.fr\/#\/schema\/person\/027725d93f922f59709d6b241b242f54\",\"name\":\"ekonseil-rh.fr\",\"image\":{\"@type\":\"ImageObject\",\"inLanguage\":\"fr-FR\",\"@id\":\"https:\/\/ekonseil-rh.fr\/#\/schema\/person\/image\/\",\"url\":\"https:\/\/secure.gravatar.com\/avatar\/5c64962fd6dd896997a47c30679ddad3?s=96&d=blank&r=g\",\"contentUrl\":\"https:\/\/secure.gravatar.com\/avatar\/5c64962fd6dd896997a47c30679ddad3?s=96&d=blank&r=g\",\"caption\":\"ekonseil-rh.fr\"},\"sameAs\":[\"http:\/\/ekonseil-rh.fr\"]}]}<\/script>\n<!-- \/ Yoast SEO plugin. -->","yoast_head_json":{"title":"MEDEF DOUAISI : Rentr\u00e9e des entrepreneurs - E- KONSEIL RH","robots":{"index":"index","follow":"follow","max-snippet":"max-snippet:-1","max-image-preview":"max-image-preview:large","max-video-preview":"max-video-preview:-1"},"canonical":"https:\/\/ekonseil-rh.fr\/medef-douaisi-rentree-des-entrepreneurs\/","og_locale":"fr_FR","og_type":"article","og_title":"MEDEF DOUAISI : Rentr\u00e9e des entrepreneurs - E- KONSEIL RH","og_description":"E KONSEIL RH \u00e9tait pr\u00e9sent lors de cet \u00e9v\u00e8nement, merci au MEDEF DOUAISI de nous avoir convi\u00e9. Actualit\u00e9 \u00e9conomique avec l\u2019intervention d&#8217;Anthony Benhamou. Merci \u00e0 Maison et Cit\u00e9s de nous avoir \u00e9bloui par la visite du LUM : Fleuron du bien-\u00eatre au travail, et qui donne le ton d&#8217;un futur Eura-Douai avant-gardiste.","og_url":"https:\/\/ekonseil-rh.fr\/medef-douaisi-rentree-des-entrepreneurs\/","og_site_name":"E- KONSEIL RH","article_publisher":"https:\/\/www.facebook.com\/EKonseilRH\/","article_published_time":"2023-10-04T14:54:24+00:00","article_modified_time":"2025-05-22T12:52:11+00:00","og_image":[{"width":1931,"height":1536,"url":"https:\/\/ekonseil-rh.fr\/wp-content\/uploads\/2023\/10\/GROUPE-1.jpg","type":"image\/jpeg"}],"author":"ekonseil-rh.fr","twitter_card":"summary_large_image","twitter_creator":"@ekonseilrh","twitter_site":"@ekonseilrh","twitter_misc":{"\u00c9crit par":"ekonseil-rh.fr","Dur\u00e9e de lecture estim\u00e9e":"1 minute"},"schema":{"@context":"https:\/\/schema.org","@graph":[{"@type":"Article","@id":"https:\/\/ekonseil-rh.fr\/medef-douaisi-rentree-des-entrepreneurs\/#article","isPartOf":{"@id":"https:\/\/ekonseil-rh.fr\/medef-douaisi-rentree-des-entrepreneurs\/"},"author":{"name":"ekonseil-rh.fr","@id":"https:\/\/ekonseil-rh.fr\/#\/schema\/person\/027725d93f922f59709d6b241b242f54"},"headline":"MEDEF DOUAISI : Rentr\u00e9e des entrepreneurs","datePublished":"2023-10-04T14:54:24+00:00","dateModified":"2025-05-22T12:52:11+00:00","mainEntityOfPage":{"@id":"https:\/\/ekonseil-rh.fr\/medef-douaisi-rentree-des-entrepreneurs\/"},"wordCount":61,"publisher":{"@id":"https:\/\/ekonseil-rh.fr\/#organization"},"articleSection":["Coaching","Partenariat"],"inLanguage":"fr-FR"},{"@type":"WebPage","@id":"https:\/\/ekonseil-rh.fr\/medef-douaisi-rentree-des-entrepreneurs\/","url":"https:\/\/ekonseil-rh.fr\/medef-douaisi-rentree-des-entrepreneurs\/","name":"MEDEF DOUAISI : Rentr\u00e9e des entrepreneurs - E- KONSEIL RH","isPartOf":{"@id":"https:\/\/ekonseil-rh.fr\/#website"},"datePublished":"2023-10-04T14:54:24+00:00","dateModified":"2025-05-22T12:52:11+00:00","inLanguage":"fr-FR","potentialAction":[{"@type":"ReadAction","target":["https:\/\/ekonseil-rh.fr\/medef-douaisi-rentree-des-entrepreneurs\/"]}]},{"@type":"WebSite","@id":"https:\/\/ekonseil-rh.fr\/#website","url":"https:\/\/ekonseil-rh.fr\/","name":"E- KONSEIL RH","description":"Notre exp\u00e9rience m\u00e8ne \u00e0 votre r\u00e9ussite","publisher":{"@id":"https:\/\/ekonseil-rh.fr\/#organization"},"potentialAction":[{"@type":"SearchAction","target":{"@type":"EntryPoint","urlTemplate":"https:\/\/ekonseil-rh.fr\/?s={search_term_string}"},"query-input":"required name=search_term_string"}],"inLanguage":"fr-FR"},{"@type":"Organization","@id":"https:\/\/ekonseil-rh.fr\/#organization","name":"E- KONSEIL RH","url":"https:\/\/ekonseil-rh.fr\/","logo":{"@type":"ImageObject","inLanguage":"fr-FR","@id":"https:\/\/ekonseil-rh.fr\/#\/schema\/logo\/image\/","url":"https:\/\/ekonseil-rh.fr\/wp-content\/uploads\/2024\/10\/Logo-E-KONSEIL-RH-Bleu-noir.png","contentUrl":"https:\/\/ekonseil-rh.fr\/wp-content\/uploads\/2024\/10\/Logo-E-KONSEIL-RH-Bleu-noir.png","width":2566,"height":864,"caption":"E- KONSEIL RH"},"image":{"@id":"https:\/\/ekonseil-rh.fr\/#\/schema\/logo\/image\/"},"sameAs":["https:\/\/www.facebook.com\/EKonseilRH\/","https:\/\/twitter.com\/ekonseilrh","https:\/\/fr.linkedin.com\/in\/laurence-derache-22766b30"]},{"@type":"Person","@id":"https:\/\/ekonseil-rh.fr\/#\/schema\/person\/027725d93f922f59709d6b241b242f54","name":"ekonseil-rh.fr","image":{"@type":"ImageObject","inLanguage":"fr-FR","@id":"https:\/\/ekonseil-rh.fr\/#\/schema\/person\/image\/","url":"https:\/\/secure.gravatar.com\/avatar\/5c64962fd6dd896997a47c30679ddad3?s=96&d=blank&r=g","contentUrl":"https:\/\/secure.gravatar.com\/avatar\/5c64962fd6dd896997a47c30679ddad3?s=96&d=blank&r=g","caption":"ekonseil-rh.fr"},"sameAs":["http:\/\/ekonseil-rh.fr"]}]}},"_links":{"self":[{"href":"https:\/\/ekonseil-rh.fr\/wp_json\/wp\/v2\/posts\/5289"}],"collection":[{"href":"https:\/\/ekonseil-rh.fr\/wp_json\/wp\/v2\/posts"}],"about":[{"href":"https:\/\/ekonseil-rh.fr\/wp_json\/wp\/v2\/types\/post"}],"author":[{"embeddable":true,"href":"https:\/\/ekonseil-rh.fr\/wp_json\/wp\/v2\/users\/43"}],"replies":[{"embeddable":true,"href":"https:\/\/ekonseil-rh.fr\/wp_json\/wp\/v2\/comments?post=5289"}],"version-history":[{"count":8,"href":"https:\/\/ekonseil-rh.fr\/wp_json\/wp\/v2\/posts\/5289\/revisions"}],"predecessor-version":[{"id":5608,"href":"https:\/\/ekonseil-rh.fr\/wp_json\/wp\/v2\/posts\/5289\/revisions\/5608"}],"wp:featuredmedia":[{"embeddable":true,"href":"https:\/\/ekonseil-rh.fr\/wp_json\/wp\/v2\/media\/5298"}],"wp:attachment":[{"href":"https:\/\/ekonseil-rh.fr\/wp_json\/wp\/v2\/media?parent=5289"}],"wp:term":[{"taxonomy":"category","embeddable":true,"href":"https:\/\/ekonseil-rh.fr\/wp_json\/wp\/v2\/categories?post=5289"},{"taxonomy":"post_tag","embeddable":true,"href":"https:\/\/ekonseil-rh.fr\/wp_json\/wp\/v2\/tags?post=5289"}],"curies":[{"name":"wp","href":"https:\/\/api.w.org\/{rel}","templated":true}]}}