{"id":5276,"date":"2023-08-31T16:15:25","date_gmt":"2023-08-31T15:15:25","guid":{"rendered":"https:\/\/ekonseil-rh.fr\/?p=5276"},"modified":"2025-05-22T13:52:21","modified_gmt":"2025-05-22T12:52:21","slug":"reussir-sa-rentree-les-5-points-essentiels-a-aborder-par-les-responsables-rh","status":"publish","type":"post","link":"https:\/\/ekonseil-rh.fr\/reussir-sa-rentree-les-5-points-essentiels-a-aborder-par-les-responsables-rh\/","title":{"rendered":"R\u00e9ussir sa rentr\u00e9e : les 5 points essentiels \u00e0 aborder par les responsables RH"},"content":{"rendered":"\n<p>La p\u00e9riode de la rentr\u00e9e est souvent marqu\u00e9e par un tonique m\u00e9lange d\u2019enthousiasme et de stress partag\u00e9 entre les employ\u00e9s et les responsables. Alors que chacun entame un nouveau cycle professionnel, les RH doivent veiller \u00e0 ce que cette transition se fasse de la mani\u00e8re la plus fluide possible, en limitant les perturbations, pour que les \u00e9quipes puissent entamer sereinement la derni\u00e8re partie de l&#8217;ann\u00e9e.<\/p>\n\n\n\n<p>Nous vous pr\u00e9sentons cinq points primordiaux \u00e0 aborder pour vous garantir une rentr\u00e9e r\u00e9ussie et \u00e9quilibr\u00e9e.&nbsp;<\/p>\n\n\n\n<h2 class=\"wp-block-heading\">1. La r\u00e9\u00e9valuation des objectifs et des priorit\u00e9s<\/h2>\n\n\n\n<p>Le mois de septembre est le moment id\u00e9al pour <strong>r\u00e9\u00e9valuer les objectifs annuels<\/strong>. La pause estivale et la rentr\u00e9e sont des p\u00e9riodes propices pour <strong>v\u00e9rifier les indicateurs de performance<\/strong>, faire un <strong>\u00e9tat des lieux des objectifs<\/strong> atteints et de ceux qui n\u00e9cessitent un <strong>ajustement des priorit\u00e9s ou des ressources<\/strong>.<\/p>\n\n\n\n<p>Correctement pr\u00e9sent\u00e9, ce r\u00e9ajustement des plans et des attentes peut <strong>dynamiser une \u00e9quipe<\/strong> et <strong>aligner les \u00e9nergies<\/strong> pour se lancer dans le dernier trimestre.<\/p>\n\n\n\n<h2 class=\"wp-block-heading\">2. L&#8217;accueil des nouveaux employ\u00e9s et des stagiaires<\/h2>\n\n\n\n<p>L&#8217;arriv\u00e9e des nouveaux talents est souvent synchrone avec la rentr\u00e9e. Une int\u00e9gration r\u00e9ussie commence par un <strong>programme d&#8217;accueil solide<\/strong> : des sessions de partage, des formations initiales et des plans de mentorat peuvent aider \u00e0 <strong>faciliter la transition<\/strong> et \u00e0 instaurer un <strong>sentiment d&#8217;appartenance<\/strong> d\u00e8s le premier jour.<\/p>\n\n\n\n<p>Ce <strong>sang neuf<\/strong> permet \u00e9galement de <strong>lancer une nouvelle dynamique dans l&#8217;ensemble de l&#8217;\u00e9quipe<\/strong>.<\/p>\n\n\n\n<h2 class=\"wp-block-heading\">3. Le focus sur le bien-\u00eatre des employ\u00e9s<\/h2>\n\n\n\n<p>Bien souvent n\u00e9glig\u00e9, le bien-\u00eatre des employ\u00e9s n\u00e9cessite <strong>d&#8217;autant plus d&#8217;attention pendant les p\u00e9riodes de forte activit\u00e9<\/strong> comme la rentr\u00e9e.<\/p>\n\n\n\n<p>Des initiatives sp\u00e9cifiques pour cette p\u00e9riode peuvent \u00eatre mises en place, telles que des ateliers de gestion du stress ou m\u00eame des s\u00e9ances de yoga. Ces activit\u00e9s peuvent contribuer \u00e0 <strong>revitaliser l&#8217;\u00e9quipe<\/strong>, \u00e0 <strong>amortir les pics de stress<\/strong> et \u00e0 <strong>all\u00e9ger les \u00e9ventuelles tensions<\/strong>.<\/p>\n\n\n\n<p>L&#8217;important est aussi de <strong>rassurer l&#8217;\u00e9quipe sur <\/strong><a href=\"https:\/\/ekonseil-rh.fr\/qvct-vs-great-washing-limportant-cest-dagir\/\"><strong>la politique QVCT<\/strong> de la soci\u00e9t\u00e9<\/a>, leur d\u00e9montrer que <strong>le bien-\u00eatre des salari\u00e9s est bien l&#8217;une des priorit\u00e9s de l&#8217;entreprise<\/strong>, et ainsi permettre de d\u00e9velopper l&#8217;<strong>engagement \u00e0 long terme<\/strong> des individus.<\/p>\n\n\n\n<h2 class=\"wp-block-heading\">4. La mise \u00e0 jour des plans de formation et de d\u00e9veloppement professionnel<\/h2>\n\n\n\n<p>La rentr\u00e9e est une excellente p\u00e9riode pour <strong>se pencher \u00e0 nouveau sur le d\u00e9veloppement des comp\u00e9tences<\/strong> des salari\u00e9s.&nbsp;<\/p>\n\n\n\n<p>En fonction des objectifs, des \u00e9ventuels ajustements des priorit\u00e9s, les <strong>besoins en comp\u00e9tences peuvent \u00e9voluer<\/strong>. Les responsables RH doivent pouvoir <strong>identifier ces besoins<\/strong> et <strong>adapter les plans de formation<\/strong> en cons\u00e9quence.<\/p>\n\n\n\n<p>Il est \u00e9galement important pour les employ\u00e9s d&#8217;\u00eatre <strong>accompagn\u00e9s dans leur d\u00e9veloppement professionnel<\/strong> \u00e0 long terme, et un \u00e9change sp\u00e9cifique \u00e0 ce sujet avec eux <strong>les rassurera quant \u00e0 leur engagement<\/strong> au sein de l&#8217;entreprise.<\/p>\n\n\n\n<h2 class=\"wp-block-heading\">5. Le renforcement de la communication<\/h2>\n\n\n\n<p>Enfin, <strong>maintenir<\/strong> ou <strong>r\u00e9tablir la communication<\/strong> entre la direction et les employ\u00e9s est primordial apr\u00e8s la coupure estivale.<\/p>\n\n\n\n<p>Les responsables RH doivent ainsi s&#8217;assurer que les <strong>canaux de communication sont bien ouverts et actifs<\/strong>. Les diff\u00e9rents \u00e9changes \u00e9voqu\u00e9s (r\u00e9\u00e9valuation des objectifs, accueil des recrues, rappel QVCT, point sur la formation) doivent permettre de <strong>faire sentir ce lien dans les \u00e9quipes<\/strong>.<\/p>\n\n\n\n<p>C&#8217;est un point fondamental pour <strong>\u00e9tablir des attentes claires<\/strong> et pour <strong>faciliter le feedback constructif<\/strong>.<\/p>\n\n\n\n<h1 class=\"wp-block-heading\">R\u00e9ussir sa rentr\u00e9e, et ensuite ?<\/h1>\n\n\n\n<p>La rentr\u00e9e n\u00e9cessite une attention particuli\u00e8re, mais <strong>les actions sp\u00e9cifiques mises en place ne doivent pas venir perturber les actions habituelles, r\u00e9guli\u00e8res et \u00e0 long terme dans la politique QVCT<\/strong> de l\u2019entreprise. Celles-ci doivent \u00eatre continues, et les efforts en mati\u00e8re de RH consentis \u00e0 la rentr\u00e9e doivent \u00eatre un compl\u00e9ment, et non se r\u00e9aliser au d\u00e9triment du reste de l\u2019ann\u00e9e.<\/p>\n\n\n\n<p>L<strong>\u2019amor\u00e7age de septembre<\/strong> est ainsi un <strong>juste \u00e9quilibre pour maintenir les effets escompt\u00e9s \u00e0 court et \u00e0 long terme<\/strong>, afin de p\u00e9renniser votre entreprise et de la faire <strong>entrer dans un cercle vertueux et durable<\/strong> pour chacun.<\/p>\n","protected":false},"excerpt":{"rendered":"<p>La p\u00e9riode de la rentr\u00e9e est souvent marqu\u00e9e par un tonique m\u00e9lange d\u2019enthousiasme et de stress partag\u00e9 entre les employ\u00e9s et les responsables. Alors que chacun entame un nouveau cycle professionnel, les RH doivent veiller \u00e0 ce que cette transition se fasse de la mani\u00e8re la plus fluide possible, en limitant les perturbations, pour que [&hellip;]<\/p>\n","protected":false},"author":3,"featured_media":5278,"comment_status":"closed","ping_status":"open","sticky":false,"template":"","format":"standard","meta":{"_eb_attr":"","footnotes":""},"categories":[77],"tags":[],"blocksy_meta":[],"featured_image_urls":{"full":["https:\/\/ekonseil-rh.fr\/wp-content\/uploads\/2023\/08\/dylan-gillis-KdeqA3aTnBY-unsplash.jpg",1920,1280,false],"thumbnail":["https:\/\/ekonseil-rh.fr\/wp-content\/uploads\/2023\/08\/dylan-gillis-KdeqA3aTnBY-unsplash-150x150.jpg",150,150,true],"medium":["https:\/\/ekonseil-rh.fr\/wp-content\/uploads\/2023\/08\/dylan-gillis-KdeqA3aTnBY-unsplash-300x200.jpg",300,200,true],"medium_large":["https:\/\/ekonseil-rh.fr\/wp-content\/uploads\/2023\/08\/dylan-gillis-KdeqA3aTnBY-unsplash-768x512.jpg",768,512,true],"large":["https:\/\/ekonseil-rh.fr\/wp-content\/uploads\/2023\/08\/dylan-gillis-KdeqA3aTnBY-unsplash-1024x683.jpg",1024,683,true],"course_archive_thumbnail":["https:\/\/ekonseil-rh.fr\/wp-content\/uploads\/2023\/08\/dylan-gillis-KdeqA3aTnBY-unsplash-100x67.jpg",100,67,true],"course_single_thumbnail":["https:\/\/ekonseil-rh.fr\/wp-content\/uploads\/2023\/08\/dylan-gillis-KdeqA3aTnBY-unsplash-100x67.jpg",100,67,true],"lesson_archive_thumbnail":["https:\/\/ekonseil-rh.fr\/wp-content\/uploads\/2023\/08\/dylan-gillis-KdeqA3aTnBY-unsplash-100x67.jpg",100,67,true],"lesson_single_thumbnail":["https:\/\/ekonseil-rh.fr\/wp-content\/uploads\/2023\/08\/dylan-gillis-KdeqA3aTnBY-unsplash-100x67.jpg",100,67,true],"1536x1536":["https:\/\/ekonseil-rh.fr\/wp-content\/uploads\/2023\/08\/dylan-gillis-KdeqA3aTnBY-unsplash-1536x1024.jpg",1536,1024,true],"2048x2048":["https:\/\/ekonseil-rh.fr\/wp-content\/uploads\/2023\/08\/dylan-gillis-KdeqA3aTnBY-unsplash.jpg",1920,1280,false]},"post_excerpt_stackable":"<p>La p\u00e9riode de la rentr\u00e9e est souvent marqu\u00e9e par un tonique m\u00e9lange d\u2019enthousiasme et de stress partag\u00e9 entre les employ\u00e9s et les responsables. Alors que chacun entame un nouveau cycle professionnel, les RH doivent veiller \u00e0 ce que cette transition se fasse de la mani\u00e8re la plus fluide possible, en limitant les perturbations, pour que les \u00e9quipes puissent entamer sereinement la derni\u00e8re partie de l&#8217;ann\u00e9e. Nous vous pr\u00e9sentons cinq points primordiaux \u00e0 aborder pour vous garantir une rentr\u00e9e r\u00e9ussie et \u00e9quilibr\u00e9e.&nbsp; 1. La r\u00e9\u00e9valuation des objectifs et des priorit\u00e9s Le mois de septembre est le moment id\u00e9al pour r\u00e9\u00e9valuer les\u2026<\/p>\n","category_list":"<a href=\"https:\/\/ekonseil-rh.fr\/category\/coaching\/\" rel=\"category tag\">Coaching<\/a>","author_info":{"name":"E-KONSEIL RH","url":"https:\/\/ekonseil-rh.fr\/author\/lderache\/"},"comments_num":"0 commentaire","yoast_head":"<!-- This site is optimized with the Yoast SEO plugin v21.8 - https:\/\/yoast.com\/wordpress\/plugins\/seo\/ -->\n<title>R\u00e9ussir sa rentr\u00e9e : les 5 points essentiels \u00e0 aborder par les responsables RH - E- KONSEIL RH<\/title>\n<meta name=\"description\" content=\"D\u00e9couvrez nos 5 points RH primordiaux \u00e0 aborder pour assurer une rentr\u00e9e r\u00e9ussie \u00e0 vos \u00e9quipes !\" \/>\n<meta name=\"robots\" content=\"index, follow, max-snippet:-1, max-image-preview:large, max-video-preview:-1\" \/>\n<link rel=\"canonical\" href=\"https:\/\/ekonseil-rh.fr\/reussir-sa-rentree-les-5-points-essentiels-a-aborder-par-les-responsables-rh\/\" \/>\n<meta property=\"og:locale\" content=\"fr_FR\" \/>\n<meta property=\"og:type\" content=\"article\" \/>\n<meta property=\"og:title\" content=\"R\u00e9ussir sa rentr\u00e9e : les 5 points essentiels \u00e0 aborder par les responsables RH - E- KONSEIL RH\" \/>\n<meta property=\"og:description\" content=\"D\u00e9couvrez nos 5 points RH primordiaux \u00e0 aborder pour assurer une rentr\u00e9e r\u00e9ussie \u00e0 vos \u00e9quipes !\" \/>\n<meta property=\"og:url\" content=\"https:\/\/ekonseil-rh.fr\/reussir-sa-rentree-les-5-points-essentiels-a-aborder-par-les-responsables-rh\/\" \/>\n<meta property=\"og:site_name\" content=\"E- KONSEIL RH\" \/>\n<meta property=\"article:publisher\" content=\"https:\/\/www.facebook.com\/EKonseilRH\/\" \/>\n<meta property=\"article:published_time\" content=\"2023-08-31T15:15:25+00:00\" \/>\n<meta property=\"article:modified_time\" content=\"2025-05-22T12:52:21+00:00\" \/>\n<meta property=\"og:image\" content=\"https:\/\/ekonseil-rh.fr\/wp-content\/uploads\/2023\/08\/dylan-gillis-KdeqA3aTnBY-unsplash.jpg\" \/>\n\t<meta property=\"og:image:width\" content=\"1920\" \/>\n\t<meta property=\"og:image:height\" content=\"1280\" \/>\n\t<meta property=\"og:image:type\" content=\"image\/jpeg\" \/>\n<meta name=\"author\" content=\"E-KONSEIL RH\" \/>\n<meta name=\"twitter:card\" content=\"summary_large_image\" \/>\n<meta name=\"twitter:creator\" content=\"@ekonseilrh\" \/>\n<meta name=\"twitter:site\" content=\"@ekonseilrh\" \/>\n<meta name=\"twitter:label1\" content=\"\u00c9crit par\" \/>\n\t<meta name=\"twitter:data1\" content=\"E-KONSEIL RH\" \/>\n\t<meta name=\"twitter:label2\" content=\"Dur\u00e9e de lecture estim\u00e9e\" \/>\n\t<meta name=\"twitter:data2\" content=\"4 minutes\" \/>\n<script type=\"application\/ld+json\" class=\"yoast-schema-graph\">{\"@context\":\"https:\/\/schema.org\",\"@graph\":[{\"@type\":\"Article\",\"@id\":\"https:\/\/ekonseil-rh.fr\/reussir-sa-rentree-les-5-points-essentiels-a-aborder-par-les-responsables-rh\/#article\",\"isPartOf\":{\"@id\":\"https:\/\/ekonseil-rh.fr\/reussir-sa-rentree-les-5-points-essentiels-a-aborder-par-les-responsables-rh\/\"},\"author\":{\"name\":\"E-KONSEIL RH\",\"@id\":\"https:\/\/ekonseil-rh.fr\/#\/schema\/person\/ae40df95309441731cd1219d04a7630d\"},\"headline\":\"R\u00e9ussir sa rentr\u00e9e : les 5 points essentiels \u00e0 aborder par les responsables RH\",\"datePublished\":\"2023-08-31T15:15:25+00:00\",\"dateModified\":\"2025-05-22T12:52:21+00:00\",\"mainEntityOfPage\":{\"@id\":\"https:\/\/ekonseil-rh.fr\/reussir-sa-rentree-les-5-points-essentiels-a-aborder-par-les-responsables-rh\/\"},\"wordCount\":708,\"publisher\":{\"@id\":\"https:\/\/ekonseil-rh.fr\/#organization\"},\"articleSection\":[\"Coaching\"],\"inLanguage\":\"fr-FR\"},{\"@type\":\"WebPage\",\"@id\":\"https:\/\/ekonseil-rh.fr\/reussir-sa-rentree-les-5-points-essentiels-a-aborder-par-les-responsables-rh\/\",\"url\":\"https:\/\/ekonseil-rh.fr\/reussir-sa-rentree-les-5-points-essentiels-a-aborder-par-les-responsables-rh\/\",\"name\":\"R\u00e9ussir sa rentr\u00e9e : les 5 points essentiels \u00e0 aborder par les responsables RH - E- KONSEIL RH\",\"isPartOf\":{\"@id\":\"https:\/\/ekonseil-rh.fr\/#website\"},\"datePublished\":\"2023-08-31T15:15:25+00:00\",\"dateModified\":\"2025-05-22T12:52:21+00:00\",\"description\":\"D\u00e9couvrez nos 5 points RH primordiaux \u00e0 aborder pour assurer une rentr\u00e9e r\u00e9ussie \u00e0 vos \u00e9quipes !\",\"inLanguage\":\"fr-FR\",\"potentialAction\":[{\"@type\":\"ReadAction\",\"target\":[\"https:\/\/ekonseil-rh.fr\/reussir-sa-rentree-les-5-points-essentiels-a-aborder-par-les-responsables-rh\/\"]}]},{\"@type\":\"WebSite\",\"@id\":\"https:\/\/ekonseil-rh.fr\/#website\",\"url\":\"https:\/\/ekonseil-rh.fr\/\",\"name\":\"E- KONSEIL RH\",\"description\":\"Notre exp\u00e9rience m\u00e8ne \u00e0 votre r\u00e9ussite\",\"publisher\":{\"@id\":\"https:\/\/ekonseil-rh.fr\/#organization\"},\"potentialAction\":[{\"@type\":\"SearchAction\",\"target\":{\"@type\":\"EntryPoint\",\"urlTemplate\":\"https:\/\/ekonseil-rh.fr\/?s={search_term_string}\"},\"query-input\":\"required name=search_term_string\"}],\"inLanguage\":\"fr-FR\"},{\"@type\":\"Organization\",\"@id\":\"https:\/\/ekonseil-rh.fr\/#organization\",\"name\":\"E- KONSEIL RH\",\"url\":\"https:\/\/ekonseil-rh.fr\/\",\"logo\":{\"@type\":\"ImageObject\",\"inLanguage\":\"fr-FR\",\"@id\":\"https:\/\/ekonseil-rh.fr\/#\/schema\/logo\/image\/\",\"url\":\"https:\/\/ekonseil-rh.fr\/wp-content\/uploads\/2024\/10\/Logo-E-KONSEIL-RH-Bleu-noir.png\",\"contentUrl\":\"https:\/\/ekonseil-rh.fr\/wp-content\/uploads\/2024\/10\/Logo-E-KONSEIL-RH-Bleu-noir.png\",\"width\":2566,\"height\":864,\"caption\":\"E- KONSEIL RH\"},\"image\":{\"@id\":\"https:\/\/ekonseil-rh.fr\/#\/schema\/logo\/image\/\"},\"sameAs\":[\"https:\/\/www.facebook.com\/EKonseilRH\/\",\"https:\/\/twitter.com\/ekonseilrh\",\"https:\/\/fr.linkedin.com\/in\/laurence-derache-22766b30\"]},{\"@type\":\"Person\",\"@id\":\"https:\/\/ekonseil-rh.fr\/#\/schema\/person\/ae40df95309441731cd1219d04a7630d\",\"name\":\"E-KONSEIL RH\",\"image\":{\"@type\":\"ImageObject\",\"inLanguage\":\"fr-FR\",\"@id\":\"https:\/\/ekonseil-rh.fr\/#\/schema\/person\/image\/\",\"url\":\"https:\/\/secure.gravatar.com\/avatar\/d509340c0191282214e3820d1a128a39?s=96&d=blank&r=g\",\"contentUrl\":\"https:\/\/secure.gravatar.com\/avatar\/d509340c0191282214e3820d1a128a39?s=96&d=blank&r=g\",\"caption\":\"E-KONSEIL RH\"},\"sameAs\":[\"https:\/\/www.ekonseil-rh.fr\"]}]}<\/script>\n<!-- \/ Yoast SEO plugin. -->","yoast_head_json":{"title":"R\u00e9ussir sa rentr\u00e9e : les 5 points essentiels \u00e0 aborder par les responsables RH - E- KONSEIL RH","description":"D\u00e9couvrez nos 5 points RH primordiaux \u00e0 aborder pour assurer une rentr\u00e9e r\u00e9ussie \u00e0 vos \u00e9quipes !","robots":{"index":"index","follow":"follow","max-snippet":"max-snippet:-1","max-image-preview":"max-image-preview:large","max-video-preview":"max-video-preview:-1"},"canonical":"https:\/\/ekonseil-rh.fr\/reussir-sa-rentree-les-5-points-essentiels-a-aborder-par-les-responsables-rh\/","og_locale":"fr_FR","og_type":"article","og_title":"R\u00e9ussir sa rentr\u00e9e : les 5 points essentiels \u00e0 aborder par les responsables RH - E- KONSEIL RH","og_description":"D\u00e9couvrez nos 5 points RH primordiaux \u00e0 aborder pour assurer une rentr\u00e9e r\u00e9ussie \u00e0 vos \u00e9quipes !","og_url":"https:\/\/ekonseil-rh.fr\/reussir-sa-rentree-les-5-points-essentiels-a-aborder-par-les-responsables-rh\/","og_site_name":"E- KONSEIL RH","article_publisher":"https:\/\/www.facebook.com\/EKonseilRH\/","article_published_time":"2023-08-31T15:15:25+00:00","article_modified_time":"2025-05-22T12:52:21+00:00","og_image":[{"width":1920,"height":1280,"url":"https:\/\/ekonseil-rh.fr\/wp-content\/uploads\/2023\/08\/dylan-gillis-KdeqA3aTnBY-unsplash.jpg","type":"image\/jpeg"}],"author":"E-KONSEIL RH","twitter_card":"summary_large_image","twitter_creator":"@ekonseilrh","twitter_site":"@ekonseilrh","twitter_misc":{"\u00c9crit par":"E-KONSEIL RH","Dur\u00e9e de lecture estim\u00e9e":"4 minutes"},"schema":{"@context":"https:\/\/schema.org","@graph":[{"@type":"Article","@id":"https:\/\/ekonseil-rh.fr\/reussir-sa-rentree-les-5-points-essentiels-a-aborder-par-les-responsables-rh\/#article","isPartOf":{"@id":"https:\/\/ekonseil-rh.fr\/reussir-sa-rentree-les-5-points-essentiels-a-aborder-par-les-responsables-rh\/"},"author":{"name":"E-KONSEIL RH","@id":"https:\/\/ekonseil-rh.fr\/#\/schema\/person\/ae40df95309441731cd1219d04a7630d"},"headline":"R\u00e9ussir sa rentr\u00e9e : les 5 points essentiels \u00e0 aborder par les responsables RH","datePublished":"2023-08-31T15:15:25+00:00","dateModified":"2025-05-22T12:52:21+00:00","mainEntityOfPage":{"@id":"https:\/\/ekonseil-rh.fr\/reussir-sa-rentree-les-5-points-essentiels-a-aborder-par-les-responsables-rh\/"},"wordCount":708,"publisher":{"@id":"https:\/\/ekonseil-rh.fr\/#organization"},"articleSection":["Coaching"],"inLanguage":"fr-FR"},{"@type":"WebPage","@id":"https:\/\/ekonseil-rh.fr\/reussir-sa-rentree-les-5-points-essentiels-a-aborder-par-les-responsables-rh\/","url":"https:\/\/ekonseil-rh.fr\/reussir-sa-rentree-les-5-points-essentiels-a-aborder-par-les-responsables-rh\/","name":"R\u00e9ussir sa rentr\u00e9e : les 5 points essentiels \u00e0 aborder par les responsables RH - E- KONSEIL RH","isPartOf":{"@id":"https:\/\/ekonseil-rh.fr\/#website"},"datePublished":"2023-08-31T15:15:25+00:00","dateModified":"2025-05-22T12:52:21+00:00","description":"D\u00e9couvrez nos 5 points RH primordiaux \u00e0 aborder pour assurer une rentr\u00e9e r\u00e9ussie \u00e0 vos \u00e9quipes !","inLanguage":"fr-FR","potentialAction":[{"@type":"ReadAction","target":["https:\/\/ekonseil-rh.fr\/reussir-sa-rentree-les-5-points-essentiels-a-aborder-par-les-responsables-rh\/"]}]},{"@type":"WebSite","@id":"https:\/\/ekonseil-rh.fr\/#website","url":"https:\/\/ekonseil-rh.fr\/","name":"E- KONSEIL RH","description":"Notre exp\u00e9rience m\u00e8ne \u00e0 votre r\u00e9ussite","publisher":{"@id":"https:\/\/ekonseil-rh.fr\/#organization"},"potentialAction":[{"@type":"SearchAction","target":{"@type":"EntryPoint","urlTemplate":"https:\/\/ekonseil-rh.fr\/?s={search_term_string}"},"query-input":"required name=search_term_string"}],"inLanguage":"fr-FR"},{"@type":"Organization","@id":"https:\/\/ekonseil-rh.fr\/#organization","name":"E- KONSEIL RH","url":"https:\/\/ekonseil-rh.fr\/","logo":{"@type":"ImageObject","inLanguage":"fr-FR","@id":"https:\/\/ekonseil-rh.fr\/#\/schema\/logo\/image\/","url":"https:\/\/ekonseil-rh.fr\/wp-content\/uploads\/2024\/10\/Logo-E-KONSEIL-RH-Bleu-noir.png","contentUrl":"https:\/\/ekonseil-rh.fr\/wp-content\/uploads\/2024\/10\/Logo-E-KONSEIL-RH-Bleu-noir.png","width":2566,"height":864,"caption":"E- KONSEIL RH"},"image":{"@id":"https:\/\/ekonseil-rh.fr\/#\/schema\/logo\/image\/"},"sameAs":["https:\/\/www.facebook.com\/EKonseilRH\/","https:\/\/twitter.com\/ekonseilrh","https:\/\/fr.linkedin.com\/in\/laurence-derache-22766b30"]},{"@type":"Person","@id":"https:\/\/ekonseil-rh.fr\/#\/schema\/person\/ae40df95309441731cd1219d04a7630d","name":"E-KONSEIL RH","image":{"@type":"ImageObject","inLanguage":"fr-FR","@id":"https:\/\/ekonseil-rh.fr\/#\/schema\/person\/image\/","url":"https:\/\/secure.gravatar.com\/avatar\/d509340c0191282214e3820d1a128a39?s=96&d=blank&r=g","contentUrl":"https:\/\/secure.gravatar.com\/avatar\/d509340c0191282214e3820d1a128a39?s=96&d=blank&r=g","caption":"E-KONSEIL RH"},"sameAs":["https:\/\/www.ekonseil-rh.fr"]}]}},"_links":{"self":[{"href":"https:\/\/ekonseil-rh.fr\/wp_json\/wp\/v2\/posts\/5276"}],"collection":[{"href":"https:\/\/ekonseil-rh.fr\/wp_json\/wp\/v2\/posts"}],"about":[{"href":"https:\/\/ekonseil-rh.fr\/wp_json\/wp\/v2\/types\/post"}],"author":[{"embeddable":true,"href":"https:\/\/ekonseil-rh.fr\/wp_json\/wp\/v2\/users\/3"}],"replies":[{"embeddable":true,"href":"https:\/\/ekonseil-rh.fr\/wp_json\/wp\/v2\/comments?post=5276"}],"version-history":[{"count":3,"href":"https:\/\/ekonseil-rh.fr\/wp_json\/wp\/v2\/posts\/5276\/revisions"}],"predecessor-version":[{"id":5280,"href":"https:\/\/ekonseil-rh.fr\/wp_json\/wp\/v2\/posts\/5276\/revisions\/5280"}],"wp:featuredmedia":[{"embeddable":true,"href":"https:\/\/ekonseil-rh.fr\/wp_json\/wp\/v2\/media\/5278"}],"wp:attachment":[{"href":"https:\/\/ekonseil-rh.fr\/wp_json\/wp\/v2\/media?parent=5276"}],"wp:term":[{"taxonomy":"category","embeddable":true,"href":"https:\/\/ekonseil-rh.fr\/wp_json\/wp\/v2\/categories?post=5276"},{"taxonomy":"post_tag","embeddable":true,"href":"https:\/\/ekonseil-rh.fr\/wp_json\/wp\/v2\/tags?post=5276"}],"curies":[{"name":"wp","href":"https:\/\/api.w.org\/{rel}","templated":true}]}}