{"id":4886,"date":"2022-10-25T16:48:39","date_gmt":"2022-10-25T15:48:39","guid":{"rendered":"https:\/\/ekonseil-rh.fr\/?p=4886"},"modified":"2025-05-22T13:53:25","modified_gmt":"2025-05-22T12:53:25","slug":"ekonseil-rh-partenaire-du-30eme-gala-du-master-mrh-lille","status":"publish","type":"post","link":"https:\/\/ekonseil-rh.fr\/ekonseil-rh-partenaire-du-30eme-gala-du-master-mrh-lille\/","title":{"rendered":"E-Konseil RH partenaire du 30\u00e8me Gala du Master MRH Lille"},"content":{"rendered":"\n<p>E-Konseil RH \u00e9tait pr\u00e9sent au 30\u00e8me Gala du Master MRH Lille le 23 septembre dernier.<\/p>\n\n\n\n<p><br>Cette ann\u00e9e \u00e0 l&#8217;occasion des 30 ans de la formation, la soir\u00e9e \u00e9tait marqu\u00e9e par la pr\u00e9sence de la ministre d\u00e9l\u00e9gu\u00e9e charg\u00e9e de l\u2019Enseignement et de la Formation professionnels Carole Grandjean, dipl\u00f4m\u00e9e du master MRH en 2006.<\/p>\n\n\n\n<div style=\"height:50px\" aria-hidden=\"true\" class=\"wp-block-spacer\"><\/div>\n\n\n\n<div class=\"wp-block-stackable-image stk-block-image stk-block stk-c32f723\" data-block-id=\"c32f723\"><a class=\"stk-link stk-img-wrapper stk-image--shape-stretch\" href=\"https:\/\/www.linkedin.com\/feed\/update\/urn:li:activity:6980045864815706112\/\" target=\"_blank\" rel=\"noreferrer noopener\"><img loading=\"lazy\" decoding=\"async\" class=\"stk-img wp-image-4904\" src=\"https:\/\/ekonseil-rh.fr\/wp-content\/uploads\/2022\/11\/Capture-decran-2022-11-15-a-16.43.36.png\" width=\"1134\" height=\"1398\" alt=\"Ekonseil-RH Master\" srcset=\"https:\/\/ekonseil-rh.fr\/wp-content\/uploads\/2022\/11\/Capture-decran-2022-11-15-a-16.43.36.png 1134w, https:\/\/ekonseil-rh.fr\/wp-content\/uploads\/2022\/11\/Capture-decran-2022-11-15-a-16.43.36-243x300.png 243w, https:\/\/ekonseil-rh.fr\/wp-content\/uploads\/2022\/11\/Capture-decran-2022-11-15-a-16.43.36-831x1024.png 831w, https:\/\/ekonseil-rh.fr\/wp-content\/uploads\/2022\/11\/Capture-decran-2022-11-15-a-16.43.36-768x947.png 768w, https:\/\/ekonseil-rh.fr\/wp-content\/uploads\/2022\/11\/Capture-decran-2022-11-15-a-16.43.36-81x100.png 81w\" sizes=\"(max-width: 1134px) 100vw, 1134px\" \/><\/a><\/div>\n","protected":false},"excerpt":{"rendered":"<p>E-Konseil RH \u00e9tait pr\u00e9sent au 30\u00e8me Gala du Master MRH Lille le 23 septembre dernier. Cette ann\u00e9e \u00e0 l&#8217;occasion des 30 ans de la formation, la soir\u00e9e \u00e9tait marqu\u00e9e par la pr\u00e9sence de la ministre d\u00e9l\u00e9gu\u00e9e charg\u00e9e de l\u2019Enseignement et de la Formation professionnels Carole Grandjean, dipl\u00f4m\u00e9e du master MRH en 2006.<\/p>\n","protected":false},"author":3,"featured_media":4906,"comment_status":"closed","ping_status":"open","sticky":false,"template":"","format":"standard","meta":{"_eb_attr":"","footnotes":""},"categories":[99],"tags":[],"blocksy_meta":{"styles_descriptor":{"styles":{"desktop":"","tablet":"","mobile":""},"google_fonts":[],"version":6}},"featured_image_urls":{"full":["https:\/\/ekonseil-rh.fr\/wp-content\/uploads\/2022\/11\/1664172615296.jpg",1478,1108,false],"thumbnail":["https:\/\/ekonseil-rh.fr\/wp-content\/uploads\/2022\/11\/1664172615296-150x150.jpg",150,150,true],"medium":["https:\/\/ekonseil-rh.fr\/wp-content\/uploads\/2022\/11\/1664172615296-300x225.jpg",300,225,true],"medium_large":["https:\/\/ekonseil-rh.fr\/wp-content\/uploads\/2022\/11\/1664172615296-768x576.jpg",768,576,true],"large":["https:\/\/ekonseil-rh.fr\/wp-content\/uploads\/2022\/11\/1664172615296-1024x768.jpg",1024,768,true],"course_archive_thumbnail":["https:\/\/ekonseil-rh.fr\/wp-content\/uploads\/2022\/11\/1664172615296-100x75.jpg",100,75,true],"course_single_thumbnail":["https:\/\/ekonseil-rh.fr\/wp-content\/uploads\/2022\/11\/1664172615296-100x75.jpg",100,75,true],"lesson_archive_thumbnail":["https:\/\/ekonseil-rh.fr\/wp-content\/uploads\/2022\/11\/1664172615296-100x75.jpg",100,75,true],"lesson_single_thumbnail":["https:\/\/ekonseil-rh.fr\/wp-content\/uploads\/2022\/11\/1664172615296-100x75.jpg",100,75,true],"1536x1536":["https:\/\/ekonseil-rh.fr\/wp-content\/uploads\/2022\/11\/1664172615296.jpg",1478,1108,false],"2048x2048":["https:\/\/ekonseil-rh.fr\/wp-content\/uploads\/2022\/11\/1664172615296.jpg",1478,1108,false]},"post_excerpt_stackable":"<p>E-Konseil RH \u00e9tait pr\u00e9sent au 30\u00e8me Gala du Master MRH Lille le 23 septembre dernier. Cette ann\u00e9e \u00e0 l&#8217;occasion des 30 ans de la formation, la soir\u00e9e \u00e9tait marqu\u00e9e par la pr\u00e9sence de la ministre d\u00e9l\u00e9gu\u00e9e charg\u00e9e de l\u2019Enseignement et de la Formation professionnels Carole Grandjean, dipl\u00f4m\u00e9e du master MRH en 2006.<\/p>\n","category_list":"<a href=\"https:\/\/ekonseil-rh.fr\/category\/partenariat\/\" rel=\"category tag\">Partenariat<\/a>","author_info":{"name":"E-KONSEIL RH","url":"https:\/\/ekonseil-rh.fr\/author\/lderache\/"},"comments_num":"0 commentaire","yoast_head":"<!-- This site is optimized with the Yoast SEO plugin v21.8 - https:\/\/yoast.com\/wordpress\/plugins\/seo\/ -->\n<title>E-Konseil RH partenaire du 30\u00e8me Gala du Master MRH Lille - E- KONSEIL RH<\/title>\n<meta name=\"robots\" content=\"index, follow, max-snippet:-1, max-image-preview:large, max-video-preview:-1\" \/>\n<link rel=\"canonical\" href=\"https:\/\/ekonseil-rh.fr\/ekonseil-rh-partenaire-du-30eme-gala-du-master-mrh-lille\/\" \/>\n<meta property=\"og:locale\" content=\"fr_FR\" \/>\n<meta property=\"og:type\" content=\"article\" \/>\n<meta property=\"og:title\" content=\"E-Konseil RH partenaire du 30\u00e8me Gala du Master MRH Lille - E- KONSEIL RH\" \/>\n<meta property=\"og:description\" content=\"E-Konseil RH \u00e9tait pr\u00e9sent au 30\u00e8me Gala du Master MRH Lille le 23 septembre dernier. Cette ann\u00e9e \u00e0 l&#8217;occasion des 30 ans de la formation, la soir\u00e9e \u00e9tait marqu\u00e9e par la pr\u00e9sence de la ministre d\u00e9l\u00e9gu\u00e9e charg\u00e9e de l\u2019Enseignement et de la Formation professionnels Carole Grandjean, dipl\u00f4m\u00e9e du master MRH en 2006.\" \/>\n<meta property=\"og:url\" content=\"https:\/\/ekonseil-rh.fr\/ekonseil-rh-partenaire-du-30eme-gala-du-master-mrh-lille\/\" \/>\n<meta property=\"og:site_name\" content=\"E- KONSEIL RH\" \/>\n<meta property=\"article:publisher\" content=\"https:\/\/www.facebook.com\/EKonseilRH\/\" \/>\n<meta property=\"article:published_time\" content=\"2022-10-25T15:48:39+00:00\" \/>\n<meta property=\"article:modified_time\" content=\"2025-05-22T12:53:25+00:00\" \/>\n<meta property=\"og:image\" content=\"https:\/\/ekonseil-rh.fr\/wp-content\/uploads\/2022\/11\/1664172615296.jpg\" \/>\n\t<meta property=\"og:image:width\" content=\"1478\" \/>\n\t<meta property=\"og:image:height\" content=\"1108\" \/>\n\t<meta property=\"og:image:type\" content=\"image\/jpeg\" \/>\n<meta name=\"author\" content=\"E-KONSEIL RH\" \/>\n<meta name=\"twitter:card\" content=\"summary_large_image\" \/>\n<meta name=\"twitter:creator\" content=\"@ekonseilrh\" \/>\n<meta name=\"twitter:site\" content=\"@ekonseilrh\" \/>\n<meta name=\"twitter:label1\" content=\"\u00c9crit par\" \/>\n\t<meta name=\"twitter:data1\" content=\"E-KONSEIL RH\" \/>\n\t<meta name=\"twitter:label2\" content=\"Dur\u00e9e de lecture estim\u00e9e\" \/>\n\t<meta name=\"twitter:data2\" content=\"1 minute\" \/>\n<script type=\"application\/ld+json\" class=\"yoast-schema-graph\">{\"@context\":\"https:\/\/schema.org\",\"@graph\":[{\"@type\":\"Article\",\"@id\":\"https:\/\/ekonseil-rh.fr\/ekonseil-rh-partenaire-du-30eme-gala-du-master-mrh-lille\/#article\",\"isPartOf\":{\"@id\":\"https:\/\/ekonseil-rh.fr\/ekonseil-rh-partenaire-du-30eme-gala-du-master-mrh-lille\/\"},\"author\":{\"name\":\"E-KONSEIL RH\",\"@id\":\"https:\/\/ekonseil-rh.fr\/#\/schema\/person\/ae40df95309441731cd1219d04a7630d\"},\"headline\":\"E-Konseil RH partenaire du 30\u00e8me Gala du Master MRH Lille\",\"datePublished\":\"2022-10-25T15:48:39+00:00\",\"dateModified\":\"2025-05-22T12:53:25+00:00\",\"mainEntityOfPage\":{\"@id\":\"https:\/\/ekonseil-rh.fr\/ekonseil-rh-partenaire-du-30eme-gala-du-master-mrh-lille\/\"},\"wordCount\":70,\"publisher\":{\"@id\":\"https:\/\/ekonseil-rh.fr\/#organization\"},\"articleSection\":[\"Partenariat\"],\"inLanguage\":\"fr-FR\"},{\"@type\":\"WebPage\",\"@id\":\"https:\/\/ekonseil-rh.fr\/ekonseil-rh-partenaire-du-30eme-gala-du-master-mrh-lille\/\",\"url\":\"https:\/\/ekonseil-rh.fr\/ekonseil-rh-partenaire-du-30eme-gala-du-master-mrh-lille\/\",\"name\":\"E-Konseil RH partenaire du 30\u00e8me Gala du Master MRH Lille - E- KONSEIL RH\",\"isPartOf\":{\"@id\":\"https:\/\/ekonseil-rh.fr\/#website\"},\"datePublished\":\"2022-10-25T15:48:39+00:00\",\"dateModified\":\"2025-05-22T12:53:25+00:00\",\"inLanguage\":\"fr-FR\",\"potentialAction\":[{\"@type\":\"ReadAction\",\"target\":[\"https:\/\/ekonseil-rh.fr\/ekonseil-rh-partenaire-du-30eme-gala-du-master-mrh-lille\/\"]}]},{\"@type\":\"WebSite\",\"@id\":\"https:\/\/ekonseil-rh.fr\/#website\",\"url\":\"https:\/\/ekonseil-rh.fr\/\",\"name\":\"E- KONSEIL RH\",\"description\":\"Notre exp\u00e9rience m\u00e8ne \u00e0 votre r\u00e9ussite\",\"publisher\":{\"@id\":\"https:\/\/ekonseil-rh.fr\/#organization\"},\"potentialAction\":[{\"@type\":\"SearchAction\",\"target\":{\"@type\":\"EntryPoint\",\"urlTemplate\":\"https:\/\/ekonseil-rh.fr\/?s={search_term_string}\"},\"query-input\":\"required name=search_term_string\"}],\"inLanguage\":\"fr-FR\"},{\"@type\":\"Organization\",\"@id\":\"https:\/\/ekonseil-rh.fr\/#organization\",\"name\":\"E- KONSEIL RH\",\"url\":\"https:\/\/ekonseil-rh.fr\/\",\"logo\":{\"@type\":\"ImageObject\",\"inLanguage\":\"fr-FR\",\"@id\":\"https:\/\/ekonseil-rh.fr\/#\/schema\/logo\/image\/\",\"url\":\"https:\/\/ekonseil-rh.fr\/wp-content\/uploads\/2024\/10\/Logo-E-KONSEIL-RH-Bleu-noir.png\",\"contentUrl\":\"https:\/\/ekonseil-rh.fr\/wp-content\/uploads\/2024\/10\/Logo-E-KONSEIL-RH-Bleu-noir.png\",\"width\":2566,\"height\":864,\"caption\":\"E- KONSEIL RH\"},\"image\":{\"@id\":\"https:\/\/ekonseil-rh.fr\/#\/schema\/logo\/image\/\"},\"sameAs\":[\"https:\/\/www.facebook.com\/EKonseilRH\/\",\"https:\/\/twitter.com\/ekonseilrh\",\"https:\/\/fr.linkedin.com\/in\/laurence-derache-22766b30\"]},{\"@type\":\"Person\",\"@id\":\"https:\/\/ekonseil-rh.fr\/#\/schema\/person\/ae40df95309441731cd1219d04a7630d\",\"name\":\"E-KONSEIL RH\",\"image\":{\"@type\":\"ImageObject\",\"inLanguage\":\"fr-FR\",\"@id\":\"https:\/\/ekonseil-rh.fr\/#\/schema\/person\/image\/\",\"url\":\"https:\/\/secure.gravatar.com\/avatar\/d509340c0191282214e3820d1a128a39?s=96&d=blank&r=g\",\"contentUrl\":\"https:\/\/secure.gravatar.com\/avatar\/d509340c0191282214e3820d1a128a39?s=96&d=blank&r=g\",\"caption\":\"E-KONSEIL RH\"},\"sameAs\":[\"https:\/\/www.ekonseil-rh.fr\"]}]}<\/script>\n<!-- \/ Yoast SEO plugin. -->","yoast_head_json":{"title":"E-Konseil RH partenaire du 30\u00e8me Gala du Master MRH Lille - E- KONSEIL RH","robots":{"index":"index","follow":"follow","max-snippet":"max-snippet:-1","max-image-preview":"max-image-preview:large","max-video-preview":"max-video-preview:-1"},"canonical":"https:\/\/ekonseil-rh.fr\/ekonseil-rh-partenaire-du-30eme-gala-du-master-mrh-lille\/","og_locale":"fr_FR","og_type":"article","og_title":"E-Konseil RH partenaire du 30\u00e8me Gala du Master MRH Lille - E- KONSEIL RH","og_description":"E-Konseil RH \u00e9tait pr\u00e9sent au 30\u00e8me Gala du Master MRH Lille le 23 septembre dernier. Cette ann\u00e9e \u00e0 l&#8217;occasion des 30 ans de la formation, la soir\u00e9e \u00e9tait marqu\u00e9e par la pr\u00e9sence de la ministre d\u00e9l\u00e9gu\u00e9e charg\u00e9e de l\u2019Enseignement et de la Formation professionnels Carole Grandjean, dipl\u00f4m\u00e9e du master MRH en 2006.","og_url":"https:\/\/ekonseil-rh.fr\/ekonseil-rh-partenaire-du-30eme-gala-du-master-mrh-lille\/","og_site_name":"E- KONSEIL RH","article_publisher":"https:\/\/www.facebook.com\/EKonseilRH\/","article_published_time":"2022-10-25T15:48:39+00:00","article_modified_time":"2025-05-22T12:53:25+00:00","og_image":[{"width":1478,"height":1108,"url":"https:\/\/ekonseil-rh.fr\/wp-content\/uploads\/2022\/11\/1664172615296.jpg","type":"image\/jpeg"}],"author":"E-KONSEIL RH","twitter_card":"summary_large_image","twitter_creator":"@ekonseilrh","twitter_site":"@ekonseilrh","twitter_misc":{"\u00c9crit par":"E-KONSEIL RH","Dur\u00e9e de lecture estim\u00e9e":"1 minute"},"schema":{"@context":"https:\/\/schema.org","@graph":[{"@type":"Article","@id":"https:\/\/ekonseil-rh.fr\/ekonseil-rh-partenaire-du-30eme-gala-du-master-mrh-lille\/#article","isPartOf":{"@id":"https:\/\/ekonseil-rh.fr\/ekonseil-rh-partenaire-du-30eme-gala-du-master-mrh-lille\/"},"author":{"name":"E-KONSEIL RH","@id":"https:\/\/ekonseil-rh.fr\/#\/schema\/person\/ae40df95309441731cd1219d04a7630d"},"headline":"E-Konseil RH partenaire du 30\u00e8me Gala du Master MRH Lille","datePublished":"2022-10-25T15:48:39+00:00","dateModified":"2025-05-22T12:53:25+00:00","mainEntityOfPage":{"@id":"https:\/\/ekonseil-rh.fr\/ekonseil-rh-partenaire-du-30eme-gala-du-master-mrh-lille\/"},"wordCount":70,"publisher":{"@id":"https:\/\/ekonseil-rh.fr\/#organization"},"articleSection":["Partenariat"],"inLanguage":"fr-FR"},{"@type":"WebPage","@id":"https:\/\/ekonseil-rh.fr\/ekonseil-rh-partenaire-du-30eme-gala-du-master-mrh-lille\/","url":"https:\/\/ekonseil-rh.fr\/ekonseil-rh-partenaire-du-30eme-gala-du-master-mrh-lille\/","name":"E-Konseil RH partenaire du 30\u00e8me Gala du Master MRH Lille - E- KONSEIL RH","isPartOf":{"@id":"https:\/\/ekonseil-rh.fr\/#website"},"datePublished":"2022-10-25T15:48:39+00:00","dateModified":"2025-05-22T12:53:25+00:00","inLanguage":"fr-FR","potentialAction":[{"@type":"ReadAction","target":["https:\/\/ekonseil-rh.fr\/ekonseil-rh-partenaire-du-30eme-gala-du-master-mrh-lille\/"]}]},{"@type":"WebSite","@id":"https:\/\/ekonseil-rh.fr\/#website","url":"https:\/\/ekonseil-rh.fr\/","name":"E- KONSEIL RH","description":"Notre exp\u00e9rience m\u00e8ne \u00e0 votre r\u00e9ussite","publisher":{"@id":"https:\/\/ekonseil-rh.fr\/#organization"},"potentialAction":[{"@type":"SearchAction","target":{"@type":"EntryPoint","urlTemplate":"https:\/\/ekonseil-rh.fr\/?s={search_term_string}"},"query-input":"required name=search_term_string"}],"inLanguage":"fr-FR"},{"@type":"Organization","@id":"https:\/\/ekonseil-rh.fr\/#organization","name":"E- KONSEIL RH","url":"https:\/\/ekonseil-rh.fr\/","logo":{"@type":"ImageObject","inLanguage":"fr-FR","@id":"https:\/\/ekonseil-rh.fr\/#\/schema\/logo\/image\/","url":"https:\/\/ekonseil-rh.fr\/wp-content\/uploads\/2024\/10\/Logo-E-KONSEIL-RH-Bleu-noir.png","contentUrl":"https:\/\/ekonseil-rh.fr\/wp-content\/uploads\/2024\/10\/Logo-E-KONSEIL-RH-Bleu-noir.png","width":2566,"height":864,"caption":"E- KONSEIL RH"},"image":{"@id":"https:\/\/ekonseil-rh.fr\/#\/schema\/logo\/image\/"},"sameAs":["https:\/\/www.facebook.com\/EKonseilRH\/","https:\/\/twitter.com\/ekonseilrh","https:\/\/fr.linkedin.com\/in\/laurence-derache-22766b30"]},{"@type":"Person","@id":"https:\/\/ekonseil-rh.fr\/#\/schema\/person\/ae40df95309441731cd1219d04a7630d","name":"E-KONSEIL RH","image":{"@type":"ImageObject","inLanguage":"fr-FR","@id":"https:\/\/ekonseil-rh.fr\/#\/schema\/person\/image\/","url":"https:\/\/secure.gravatar.com\/avatar\/d509340c0191282214e3820d1a128a39?s=96&d=blank&r=g","contentUrl":"https:\/\/secure.gravatar.com\/avatar\/d509340c0191282214e3820d1a128a39?s=96&d=blank&r=g","caption":"E-KONSEIL RH"},"sameAs":["https:\/\/www.ekonseil-rh.fr"]}]}},"_links":{"self":[{"href":"https:\/\/ekonseil-rh.fr\/wp_json\/wp\/v2\/posts\/4886"}],"collection":[{"href":"https:\/\/ekonseil-rh.fr\/wp_json\/wp\/v2\/posts"}],"about":[{"href":"https:\/\/ekonseil-rh.fr\/wp_json\/wp\/v2\/types\/post"}],"author":[{"embeddable":true,"href":"https:\/\/ekonseil-rh.fr\/wp_json\/wp\/v2\/users\/3"}],"replies":[{"embeddable":true,"href":"https:\/\/ekonseil-rh.fr\/wp_json\/wp\/v2\/comments?post=4886"}],"version-history":[{"count":13,"href":"https:\/\/ekonseil-rh.fr\/wp_json\/wp\/v2\/posts\/4886\/revisions"}],"predecessor-version":[{"id":5013,"href":"https:\/\/ekonseil-rh.fr\/wp_json\/wp\/v2\/posts\/4886\/revisions\/5013"}],"wp:featuredmedia":[{"embeddable":true,"href":"https:\/\/ekonseil-rh.fr\/wp_json\/wp\/v2\/media\/4906"}],"wp:attachment":[{"href":"https:\/\/ekonseil-rh.fr\/wp_json\/wp\/v2\/media?parent=4886"}],"wp:term":[{"taxonomy":"category","embeddable":true,"href":"https:\/\/ekonseil-rh.fr\/wp_json\/wp\/v2\/categories?post=4886"},{"taxonomy":"post_tag","embeddable":true,"href":"https:\/\/ekonseil-rh.fr\/wp_json\/wp\/v2\/tags?post=4886"}],"curies":[{"name":"wp","href":"https:\/\/api.w.org\/{rel}","templated":true}]}}