{"id":3531,"date":"2021-09-07T14:35:01","date_gmt":"2021-09-07T13:35:01","guid":{"rendered":"https:\/\/ekonseil-rh.fr\/?p=3531"},"modified":"2025-05-22T13:54:07","modified_gmt":"2025-05-22T12:54:07","slug":"cest-la-rentree-chez-e-konseil-rh-2","status":"publish","type":"post","link":"https:\/\/ekonseil-rh.fr\/cest-la-rentree-chez-e-konseil-rh-2\/","title":{"rendered":"C&#8217;est la rentr\u00e9e chez E-KONSEIL RH"},"content":{"rendered":"\n<p>C&#8217;est la rentr\u00e9e et nous avons le plaisir d\u2019accueillir deux nouveaux talents dans notre \u00e9quipe !\u00a0<\/p>\n\n\n\n<p> Premi\u00e8re pause caf\u00e9 pour Isabelle GAST  qui nous rejoint en tant que Consultante. Experte en\u00a0ressources humaines\u00a0et coach certifi\u00e9e, elle vous accompagnera pour tous vos projets rh.<\/p>\n\n\n\n<p>C\u2019est \u00e9galement les premiers pas de\u00a0Madison PONCHEAUX\u00a0dans le cabinet, elle nous rejoint en tant que charg\u00e9e recrutement &amp; sourcing.<\/p>\n\n\n\n<p>Toute l\u2019\u00e9quipe souhaite la bienvenue \u00e0 Isabelle et Madison !\u00a0E-KONSEIL RH, c\u2019est toujours plus de comp\u00e9tences au service de vos projets. <\/p>\n","protected":false},"excerpt":{"rendered":"<p>C&#8217;est la rentr\u00e9e et nous avons le plaisir d\u2019accueillir deux nouveaux talents dans notre \u00e9quipe !\u00a0 Premi\u00e8re pause caf\u00e9 pour Isabelle GAST qui nous rejoint en tant que Consultante. Experte en\u00a0ressources humaines\u00a0et coach certifi\u00e9e, elle vous accompagnera pour tous vos projets rh. C\u2019est \u00e9galement les premiers pas de\u00a0Madison PONCHEAUX\u00a0dans le cabinet, elle nous rejoint en [&hellip;]<\/p>\n","protected":false},"author":3,"featured_media":3533,"comment_status":"closed","ping_status":"open","sticky":false,"template":"","format":"standard","meta":{"_eb_attr":"","footnotes":""},"categories":[100],"tags":[],"blocksy_meta":{"styles_descriptor":{"styles":{"desktop":"","tablet":"","mobile":""},"google_fonts":[],"version":6}},"featured_image_urls":{"full":["https:\/\/ekonseil-rh.fr\/wp-content\/uploads\/2021\/09\/Bienvue-scaled.jpg",1920,1616,false],"thumbnail":["https:\/\/ekonseil-rh.fr\/wp-content\/uploads\/2021\/09\/Bienvue-150x150.jpg",150,150,true],"medium":["https:\/\/ekonseil-rh.fr\/wp-content\/uploads\/2021\/09\/Bienvue-300x252.jpg",300,252,true],"medium_large":["https:\/\/ekonseil-rh.fr\/wp-content\/uploads\/2021\/09\/Bienvue-768x646.jpg",768,646,true],"large":["https:\/\/ekonseil-rh.fr\/wp-content\/uploads\/2021\/09\/Bienvue-1024x862.jpg",1024,862,true],"course_archive_thumbnail":["https:\/\/ekonseil-rh.fr\/wp-content\/uploads\/2021\/09\/Bienvue-100x84.jpg",100,84,true],"course_single_thumbnail":["https:\/\/ekonseil-rh.fr\/wp-content\/uploads\/2021\/09\/Bienvue-100x84.jpg",100,84,true],"lesson_archive_thumbnail":["https:\/\/ekonseil-rh.fr\/wp-content\/uploads\/2021\/09\/Bienvue-100x84.jpg",100,84,true],"lesson_single_thumbnail":["https:\/\/ekonseil-rh.fr\/wp-content\/uploads\/2021\/09\/Bienvue-100x84.jpg",100,84,true],"1536x1536":["https:\/\/ekonseil-rh.fr\/wp-content\/uploads\/2021\/09\/Bienvue-1536x1292.jpg",1536,1292,true],"2048x2048":["https:\/\/ekonseil-rh.fr\/wp-content\/uploads\/2021\/09\/Bienvue-2048x1723.jpg",2048,1723,true]},"post_excerpt_stackable":"<p>C&#8217;est la rentr\u00e9e et nous avons le plaisir d\u2019accueillir deux nouveaux talents dans notre \u00e9quipe !\u00a0 Premi\u00e8re pause caf\u00e9 pour Isabelle GAST qui nous rejoint en tant que Consultante. Experte en\u00a0ressources humaines\u00a0et coach certifi\u00e9e, elle vous accompagnera pour tous vos projets rh. C\u2019est \u00e9galement les premiers pas de\u00a0Madison PONCHEAUX\u00a0dans le cabinet, elle nous rejoint en tant que charg\u00e9e recrutement &amp; sourcing. Toute l\u2019\u00e9quipe souhaite la bienvenue \u00e0 Isabelle et Madison !\u00a0E-KONSEIL RH, c\u2019est toujours plus de comp\u00e9tences au service de vos projets.<\/p>\n","category_list":"<a href=\"https:\/\/ekonseil-rh.fr\/category\/vie-dentreprise\/\" rel=\"category tag\">Vie d'entreprise<\/a>","author_info":{"name":"E-KONSEIL RH","url":"https:\/\/ekonseil-rh.fr\/author\/lderache\/"},"comments_num":"0 commentaire","yoast_head":"<!-- This site is optimized with the Yoast SEO plugin v21.8 - https:\/\/yoast.com\/wordpress\/plugins\/seo\/ -->\n<title>C&#039;est la rentr\u00e9e chez E-KONSEIL RH - E- KONSEIL RH<\/title>\n<meta name=\"robots\" content=\"index, follow, max-snippet:-1, max-image-preview:large, max-video-preview:-1\" \/>\n<link rel=\"canonical\" href=\"https:\/\/ekonseil-rh.fr\/cest-la-rentree-chez-e-konseil-rh-2\/\" \/>\n<meta property=\"og:locale\" content=\"fr_FR\" \/>\n<meta property=\"og:type\" content=\"article\" \/>\n<meta property=\"og:title\" content=\"C&#039;est la rentr\u00e9e chez E-KONSEIL RH - E- KONSEIL RH\" \/>\n<meta property=\"og:description\" content=\"C&#8217;est la rentr\u00e9e et nous avons le plaisir d\u2019accueillir deux nouveaux talents dans notre \u00e9quipe !\u00a0 Premi\u00e8re pause caf\u00e9 pour Isabelle GAST qui nous rejoint en tant que Consultante. Experte en\u00a0ressources humaines\u00a0et coach certifi\u00e9e, elle vous accompagnera pour tous vos projets rh. C\u2019est \u00e9galement les premiers pas de\u00a0Madison PONCHEAUX\u00a0dans le cabinet, elle nous rejoint en [&hellip;]\" \/>\n<meta property=\"og:url\" content=\"https:\/\/ekonseil-rh.fr\/cest-la-rentree-chez-e-konseil-rh-2\/\" \/>\n<meta property=\"og:site_name\" content=\"E- KONSEIL RH\" \/>\n<meta property=\"article:publisher\" content=\"https:\/\/www.facebook.com\/EKonseilRH\/\" \/>\n<meta property=\"article:published_time\" content=\"2021-09-07T13:35:01+00:00\" \/>\n<meta property=\"article:modified_time\" content=\"2025-05-22T12:54:07+00:00\" \/>\n<meta property=\"og:image\" content=\"https:\/\/ekonseil-rh.fr\/wp-content\/uploads\/2021\/09\/Bienvue-scaled.jpg\" \/>\n\t<meta property=\"og:image:width\" content=\"1920\" \/>\n\t<meta property=\"og:image:height\" content=\"1616\" \/>\n\t<meta property=\"og:image:type\" content=\"image\/jpeg\" \/>\n<meta name=\"author\" content=\"E-KONSEIL RH\" \/>\n<meta name=\"twitter:card\" content=\"summary_large_image\" \/>\n<meta name=\"twitter:creator\" content=\"@ekonseilrh\" \/>\n<meta name=\"twitter:site\" content=\"@ekonseilrh\" \/>\n<meta name=\"twitter:label1\" content=\"\u00c9crit par\" \/>\n\t<meta name=\"twitter:data1\" content=\"E-KONSEIL RH\" \/>\n<script type=\"application\/ld+json\" class=\"yoast-schema-graph\">{\"@context\":\"https:\/\/schema.org\",\"@graph\":[{\"@type\":\"Article\",\"@id\":\"https:\/\/ekonseil-rh.fr\/cest-la-rentree-chez-e-konseil-rh-2\/#article\",\"isPartOf\":{\"@id\":\"https:\/\/ekonseil-rh.fr\/cest-la-rentree-chez-e-konseil-rh-2\/\"},\"author\":{\"name\":\"E-KONSEIL RH\",\"@id\":\"https:\/\/ekonseil-rh.fr\/#\/schema\/person\/ae40df95309441731cd1219d04a7630d\"},\"headline\":\"C&#8217;est la rentr\u00e9e chez E-KONSEIL RH\",\"datePublished\":\"2021-09-07T13:35:01+00:00\",\"dateModified\":\"2025-05-22T12:54:07+00:00\",\"mainEntityOfPage\":{\"@id\":\"https:\/\/ekonseil-rh.fr\/cest-la-rentree-chez-e-konseil-rh-2\/\"},\"wordCount\":100,\"publisher\":{\"@id\":\"https:\/\/ekonseil-rh.fr\/#organization\"},\"articleSection\":[\"Vie d'entreprise\"],\"inLanguage\":\"fr-FR\"},{\"@type\":\"WebPage\",\"@id\":\"https:\/\/ekonseil-rh.fr\/cest-la-rentree-chez-e-konseil-rh-2\/\",\"url\":\"https:\/\/ekonseil-rh.fr\/cest-la-rentree-chez-e-konseil-rh-2\/\",\"name\":\"C'est la rentr\u00e9e chez E-KONSEIL RH - E- KONSEIL RH\",\"isPartOf\":{\"@id\":\"https:\/\/ekonseil-rh.fr\/#website\"},\"datePublished\":\"2021-09-07T13:35:01+00:00\",\"dateModified\":\"2025-05-22T12:54:07+00:00\",\"inLanguage\":\"fr-FR\",\"potentialAction\":[{\"@type\":\"ReadAction\",\"target\":[\"https:\/\/ekonseil-rh.fr\/cest-la-rentree-chez-e-konseil-rh-2\/\"]}]},{\"@type\":\"WebSite\",\"@id\":\"https:\/\/ekonseil-rh.fr\/#website\",\"url\":\"https:\/\/ekonseil-rh.fr\/\",\"name\":\"E- KONSEIL RH\",\"description\":\"Notre exp\u00e9rience m\u00e8ne \u00e0 votre r\u00e9ussite\",\"publisher\":{\"@id\":\"https:\/\/ekonseil-rh.fr\/#organization\"},\"potentialAction\":[{\"@type\":\"SearchAction\",\"target\":{\"@type\":\"EntryPoint\",\"urlTemplate\":\"https:\/\/ekonseil-rh.fr\/?s={search_term_string}\"},\"query-input\":\"required name=search_term_string\"}],\"inLanguage\":\"fr-FR\"},{\"@type\":\"Organization\",\"@id\":\"https:\/\/ekonseil-rh.fr\/#organization\",\"name\":\"E- KONSEIL RH\",\"url\":\"https:\/\/ekonseil-rh.fr\/\",\"logo\":{\"@type\":\"ImageObject\",\"inLanguage\":\"fr-FR\",\"@id\":\"https:\/\/ekonseil-rh.fr\/#\/schema\/logo\/image\/\",\"url\":\"https:\/\/ekonseil-rh.fr\/wp-content\/uploads\/2024\/10\/Logo-E-KONSEIL-RH-Bleu-noir.png\",\"contentUrl\":\"https:\/\/ekonseil-rh.fr\/wp-content\/uploads\/2024\/10\/Logo-E-KONSEIL-RH-Bleu-noir.png\",\"width\":2566,\"height\":864,\"caption\":\"E- KONSEIL RH\"},\"image\":{\"@id\":\"https:\/\/ekonseil-rh.fr\/#\/schema\/logo\/image\/\"},\"sameAs\":[\"https:\/\/www.facebook.com\/EKonseilRH\/\",\"https:\/\/twitter.com\/ekonseilrh\",\"https:\/\/fr.linkedin.com\/in\/laurence-derache-22766b30\"]},{\"@type\":\"Person\",\"@id\":\"https:\/\/ekonseil-rh.fr\/#\/schema\/person\/ae40df95309441731cd1219d04a7630d\",\"name\":\"E-KONSEIL RH\",\"image\":{\"@type\":\"ImageObject\",\"inLanguage\":\"fr-FR\",\"@id\":\"https:\/\/ekonseil-rh.fr\/#\/schema\/person\/image\/\",\"url\":\"https:\/\/secure.gravatar.com\/avatar\/d509340c0191282214e3820d1a128a39?s=96&d=blank&r=g\",\"contentUrl\":\"https:\/\/secure.gravatar.com\/avatar\/d509340c0191282214e3820d1a128a39?s=96&d=blank&r=g\",\"caption\":\"E-KONSEIL RH\"},\"sameAs\":[\"https:\/\/www.ekonseil-rh.fr\"]}]}<\/script>\n<!-- \/ Yoast SEO plugin. -->","yoast_head_json":{"title":"C'est la rentr\u00e9e chez E-KONSEIL RH - E- KONSEIL RH","robots":{"index":"index","follow":"follow","max-snippet":"max-snippet:-1","max-image-preview":"max-image-preview:large","max-video-preview":"max-video-preview:-1"},"canonical":"https:\/\/ekonseil-rh.fr\/cest-la-rentree-chez-e-konseil-rh-2\/","og_locale":"fr_FR","og_type":"article","og_title":"C'est la rentr\u00e9e chez E-KONSEIL RH - E- KONSEIL RH","og_description":"C&#8217;est la rentr\u00e9e et nous avons le plaisir d\u2019accueillir deux nouveaux talents dans notre \u00e9quipe !\u00a0 Premi\u00e8re pause caf\u00e9 pour Isabelle GAST qui nous rejoint en tant que Consultante. Experte en\u00a0ressources humaines\u00a0et coach certifi\u00e9e, elle vous accompagnera pour tous vos projets rh. C\u2019est \u00e9galement les premiers pas de\u00a0Madison PONCHEAUX\u00a0dans le cabinet, elle nous rejoint en [&hellip;]","og_url":"https:\/\/ekonseil-rh.fr\/cest-la-rentree-chez-e-konseil-rh-2\/","og_site_name":"E- KONSEIL RH","article_publisher":"https:\/\/www.facebook.com\/EKonseilRH\/","article_published_time":"2021-09-07T13:35:01+00:00","article_modified_time":"2025-05-22T12:54:07+00:00","og_image":[{"width":1920,"height":1616,"url":"https:\/\/ekonseil-rh.fr\/wp-content\/uploads\/2021\/09\/Bienvue-scaled.jpg","type":"image\/jpeg"}],"author":"E-KONSEIL RH","twitter_card":"summary_large_image","twitter_creator":"@ekonseilrh","twitter_site":"@ekonseilrh","twitter_misc":{"\u00c9crit par":"E-KONSEIL RH"},"schema":{"@context":"https:\/\/schema.org","@graph":[{"@type":"Article","@id":"https:\/\/ekonseil-rh.fr\/cest-la-rentree-chez-e-konseil-rh-2\/#article","isPartOf":{"@id":"https:\/\/ekonseil-rh.fr\/cest-la-rentree-chez-e-konseil-rh-2\/"},"author":{"name":"E-KONSEIL RH","@id":"https:\/\/ekonseil-rh.fr\/#\/schema\/person\/ae40df95309441731cd1219d04a7630d"},"headline":"C&#8217;est la rentr\u00e9e chez E-KONSEIL RH","datePublished":"2021-09-07T13:35:01+00:00","dateModified":"2025-05-22T12:54:07+00:00","mainEntityOfPage":{"@id":"https:\/\/ekonseil-rh.fr\/cest-la-rentree-chez-e-konseil-rh-2\/"},"wordCount":100,"publisher":{"@id":"https:\/\/ekonseil-rh.fr\/#organization"},"articleSection":["Vie d'entreprise"],"inLanguage":"fr-FR"},{"@type":"WebPage","@id":"https:\/\/ekonseil-rh.fr\/cest-la-rentree-chez-e-konseil-rh-2\/","url":"https:\/\/ekonseil-rh.fr\/cest-la-rentree-chez-e-konseil-rh-2\/","name":"C'est la rentr\u00e9e chez E-KONSEIL RH - E- KONSEIL RH","isPartOf":{"@id":"https:\/\/ekonseil-rh.fr\/#website"},"datePublished":"2021-09-07T13:35:01+00:00","dateModified":"2025-05-22T12:54:07+00:00","inLanguage":"fr-FR","potentialAction":[{"@type":"ReadAction","target":["https:\/\/ekonseil-rh.fr\/cest-la-rentree-chez-e-konseil-rh-2\/"]}]},{"@type":"WebSite","@id":"https:\/\/ekonseil-rh.fr\/#website","url":"https:\/\/ekonseil-rh.fr\/","name":"E- KONSEIL RH","description":"Notre exp\u00e9rience m\u00e8ne \u00e0 votre r\u00e9ussite","publisher":{"@id":"https:\/\/ekonseil-rh.fr\/#organization"},"potentialAction":[{"@type":"SearchAction","target":{"@type":"EntryPoint","urlTemplate":"https:\/\/ekonseil-rh.fr\/?s={search_term_string}"},"query-input":"required name=search_term_string"}],"inLanguage":"fr-FR"},{"@type":"Organization","@id":"https:\/\/ekonseil-rh.fr\/#organization","name":"E- KONSEIL RH","url":"https:\/\/ekonseil-rh.fr\/","logo":{"@type":"ImageObject","inLanguage":"fr-FR","@id":"https:\/\/ekonseil-rh.fr\/#\/schema\/logo\/image\/","url":"https:\/\/ekonseil-rh.fr\/wp-content\/uploads\/2024\/10\/Logo-E-KONSEIL-RH-Bleu-noir.png","contentUrl":"https:\/\/ekonseil-rh.fr\/wp-content\/uploads\/2024\/10\/Logo-E-KONSEIL-RH-Bleu-noir.png","width":2566,"height":864,"caption":"E- KONSEIL RH"},"image":{"@id":"https:\/\/ekonseil-rh.fr\/#\/schema\/logo\/image\/"},"sameAs":["https:\/\/www.facebook.com\/EKonseilRH\/","https:\/\/twitter.com\/ekonseilrh","https:\/\/fr.linkedin.com\/in\/laurence-derache-22766b30"]},{"@type":"Person","@id":"https:\/\/ekonseil-rh.fr\/#\/schema\/person\/ae40df95309441731cd1219d04a7630d","name":"E-KONSEIL RH","image":{"@type":"ImageObject","inLanguage":"fr-FR","@id":"https:\/\/ekonseil-rh.fr\/#\/schema\/person\/image\/","url":"https:\/\/secure.gravatar.com\/avatar\/d509340c0191282214e3820d1a128a39?s=96&d=blank&r=g","contentUrl":"https:\/\/secure.gravatar.com\/avatar\/d509340c0191282214e3820d1a128a39?s=96&d=blank&r=g","caption":"E-KONSEIL RH"},"sameAs":["https:\/\/www.ekonseil-rh.fr"]}]}},"_links":{"self":[{"href":"https:\/\/ekonseil-rh.fr\/wp_json\/wp\/v2\/posts\/3531"}],"collection":[{"href":"https:\/\/ekonseil-rh.fr\/wp_json\/wp\/v2\/posts"}],"about":[{"href":"https:\/\/ekonseil-rh.fr\/wp_json\/wp\/v2\/types\/post"}],"author":[{"embeddable":true,"href":"https:\/\/ekonseil-rh.fr\/wp_json\/wp\/v2\/users\/3"}],"replies":[{"embeddable":true,"href":"https:\/\/ekonseil-rh.fr\/wp_json\/wp\/v2\/comments?post=3531"}],"version-history":[{"count":1,"href":"https:\/\/ekonseil-rh.fr\/wp_json\/wp\/v2\/posts\/3531\/revisions"}],"predecessor-version":[{"id":5616,"href":"https:\/\/ekonseil-rh.fr\/wp_json\/wp\/v2\/posts\/3531\/revisions\/5616"}],"wp:featuredmedia":[{"embeddable":true,"href":"https:\/\/ekonseil-rh.fr\/wp_json\/wp\/v2\/media\/3533"}],"wp:attachment":[{"href":"https:\/\/ekonseil-rh.fr\/wp_json\/wp\/v2\/media?parent=3531"}],"wp:term":[{"taxonomy":"category","embeddable":true,"href":"https:\/\/ekonseil-rh.fr\/wp_json\/wp\/v2\/categories?post=3531"},{"taxonomy":"post_tag","embeddable":true,"href":"https:\/\/ekonseil-rh.fr\/wp_json\/wp\/v2\/tags?post=3531"}],"curies":[{"name":"wp","href":"https:\/\/api.w.org\/{rel}","templated":true}]}}