{"id":3150,"date":"2020-09-02T16:09:22","date_gmt":"2020-09-02T15:09:22","guid":{"rendered":"http:\/\/ekonseil-rh.fr\/?p=3150"},"modified":"2025-05-22T13:54:40","modified_gmt":"2025-05-22T12:54:40","slug":"cest-la-rentree-chez-e-konseil-rh","status":"publish","type":"post","link":"https:\/\/ekonseil-rh.fr\/cest-la-rentree-chez-e-konseil-rh\/","title":{"rendered":"C&#8217;est la rentr\u00e9e 2020 chez E-KONSEIL RH !"},"content":{"rendered":"\n<p><strong>Le saviez-vous<\/strong> ? L\u2019\u00e9quipe s\u2019agrandit !&nbsp;<br><br>Hier, nous avons accueilli&nbsp;Fr\u00e9d\u00e9rique LACAILLE Charg\u00e9e de missions RH et Corentin LOPES&nbsp;Responsable en Communication Digitale&nbsp;et Marketing.<br><br>Au programme :<br><br> Test COVID-19 <br> Prise de temp\u00e9rature &#x1f321;<br> Respect des r\u00e8gles sanitaires <br><br> Par la suite, journ\u00e9e sur le th\u00e8me de la coh\u00e9sion d\u2019\u00e9quipe \u2026 Qui fait quoi ?<br><br> Ensuite nous avons particip\u00e9 \u00e0 un Escape Game con\u00e7u par David Poquet \u2022 Consultant Formateur en Management dans le but de favoriser l\u2019esprit collaboratif; Bravo pour ce sc\u00e9nario tout droit sortie d&#8217;un film d\u2019Hollywood  <br><br> Nous avons conclu cette superbe journ\u00e9e par une d\u00e9gustation de produits locaux \u00e0 la maison des bois (Coutiches). <br><br>Merci \u00e0 toute l\u2019\u00e9quipe E-KONSEIL RH Eric KACZMAREK,&nbsp;Brahim KERZAZI , Didier QUESTE, Quentin LEMOINE ainsi qu&#8217;\u00e0 Vincent GUERINET, Franck LEROY, les jardins des bois pour leur participation \u00e0 la bonne int\u00e9gration de nos nouveaux talents.<\/p>\n<p><a href=\"https:\/\/ekonseil-rh.fr\/wp-content\/uploads\/2020\/09\/IMG_3395-scaled.jpg\"><img loading=\"lazy\" decoding=\"async\" class=\"wp-image-3159 aligncenter\" src=\"https:\/\/ekonseil-rh.fr\/wp-content\/uploads\/2020\/09\/IMG_3395-300x200.jpg\" alt=\"\" width=\"605\" height=\"403\" srcset=\"https:\/\/ekonseil-rh.fr\/wp-content\/uploads\/2020\/09\/IMG_3395-300x200.jpg 300w, https:\/\/ekonseil-rh.fr\/wp-content\/uploads\/2020\/09\/IMG_3395-1024x683.jpg 1024w, https:\/\/ekonseil-rh.fr\/wp-content\/uploads\/2020\/09\/IMG_3395-768x512.jpg 768w, https:\/\/ekonseil-rh.fr\/wp-content\/uploads\/2020\/09\/IMG_3395-100x67.jpg 100w, https:\/\/ekonseil-rh.fr\/wp-content\/uploads\/2020\/09\/IMG_3395-1536x1024.jpg 1536w, https:\/\/ekonseil-rh.fr\/wp-content\/uploads\/2020\/09\/IMG_3395-2048x1365.jpg 2048w, https:\/\/ekonseil-rh.fr\/wp-content\/uploads\/2020\/09\/IMG_3395-scaled.jpg 1920w\" sizes=\"(max-width: 605px) 100vw, 605px\" \/><\/a><\/p>\n<p>&nbsp;<\/p>\n","protected":false},"excerpt":{"rendered":"<p>Le saviez-vous ? L\u2019\u00e9quipe s\u2019agrandit !&nbsp; Hier, nous avons accueilli&nbsp;Fr\u00e9d\u00e9rique LACAILLE Charg\u00e9e de missions RH et Corentin LOPES&nbsp;Responsable en Communication Digitale&nbsp;et Marketing. Au programme : Test COVID-19 Prise de temp\u00e9rature &#x1f321; Respect des r\u00e8gles sanitaires Par la suite, journ\u00e9e sur le th\u00e8me de la coh\u00e9sion d\u2019\u00e9quipe \u2026 Qui fait quoi ? Ensuite nous avons particip\u00e9 [&hellip;]<\/p>\n","protected":false},"author":3,"featured_media":3151,"comment_status":"closed","ping_status":"open","sticky":false,"template":"","format":"standard","meta":{"_eb_attr":"","footnotes":""},"categories":[100],"tags":[],"blocksy_meta":{"styles_descriptor":{"styles":{"desktop":"","tablet":"","mobile":""},"google_fonts":[],"version":6}},"featured_image_urls":{"full":["https:\/\/ekonseil-rh.fr\/wp-content\/uploads\/2020\/09\/Bienvenu-linkedin.png",1200,627,false],"thumbnail":["https:\/\/ekonseil-rh.fr\/wp-content\/uploads\/2020\/09\/Bienvenu-linkedin-150x150.png",150,150,true],"medium":["https:\/\/ekonseil-rh.fr\/wp-content\/uploads\/2020\/09\/Bienvenu-linkedin-300x157.png",300,157,true],"medium_large":["https:\/\/ekonseil-rh.fr\/wp-content\/uploads\/2020\/09\/Bienvenu-linkedin-768x401.png",768,401,true],"large":["https:\/\/ekonseil-rh.fr\/wp-content\/uploads\/2020\/09\/Bienvenu-linkedin-1024x535.png",1024,535,true],"course_archive_thumbnail":["https:\/\/ekonseil-rh.fr\/wp-content\/uploads\/2020\/09\/Bienvenu-linkedin-100x52.png",100,52,true],"course_single_thumbnail":["https:\/\/ekonseil-rh.fr\/wp-content\/uploads\/2020\/09\/Bienvenu-linkedin-100x52.png",100,52,true],"lesson_archive_thumbnail":["https:\/\/ekonseil-rh.fr\/wp-content\/uploads\/2020\/09\/Bienvenu-linkedin-100x52.png",100,52,true],"lesson_single_thumbnail":["https:\/\/ekonseil-rh.fr\/wp-content\/uploads\/2020\/09\/Bienvenu-linkedin-100x52.png",100,52,true],"1536x1536":["https:\/\/ekonseil-rh.fr\/wp-content\/uploads\/2020\/09\/Bienvenu-linkedin.png",1200,627,false],"2048x2048":["https:\/\/ekonseil-rh.fr\/wp-content\/uploads\/2020\/09\/Bienvenu-linkedin.png",1200,627,false]},"post_excerpt_stackable":"<p>Le saviez-vous ? L\u2019\u00e9quipe s\u2019agrandit !&nbsp;Hier, nous avons accueilli&nbsp;Fr\u00e9d\u00e9rique LACAILLE Charg\u00e9e de missions RH et Corentin LOPES&nbsp;Responsable en Communication Digitale&nbsp;et Marketing.Au programme : Test COVID-19 Prise de temp\u00e9rature &#x1f321; Respect des r\u00e8gles sanitaires Par la suite, journ\u00e9e sur le th\u00e8me de la coh\u00e9sion d\u2019\u00e9quipe \u2026 Qui fait quoi ? Ensuite nous avons particip\u00e9 \u00e0 un Escape Game con\u00e7u par David Poquet \u2022 Consultant Formateur en Management dans le but de favoriser l\u2019esprit collaboratif; Bravo pour ce sc\u00e9nario tout droit sortie d&#8217;un film d\u2019Hollywood Nous avons conclu cette superbe journ\u00e9e par une d\u00e9gustation de produits locaux \u00e0 la maison des bois\u2026<\/p>\n","category_list":"<a href=\"https:\/\/ekonseil-rh.fr\/category\/vie-dentreprise\/\" rel=\"category tag\">Vie d'entreprise<\/a>","author_info":{"name":"E-KONSEIL RH","url":"https:\/\/ekonseil-rh.fr\/author\/lderache\/"},"comments_num":"0 commentaire","yoast_head":"<!-- This site is optimized with the Yoast SEO plugin v21.8 - https:\/\/yoast.com\/wordpress\/plugins\/seo\/ -->\n<title>C&#039;est la rentr\u00e9e 2020 chez E-KONSEIL RH ! - E- KONSEIL RH<\/title>\n<meta name=\"robots\" content=\"index, follow, max-snippet:-1, max-image-preview:large, max-video-preview:-1\" \/>\n<link rel=\"canonical\" href=\"https:\/\/ekonseil-rh.fr\/cest-la-rentree-chez-e-konseil-rh\/\" \/>\n<meta property=\"og:locale\" content=\"fr_FR\" \/>\n<meta property=\"og:type\" content=\"article\" \/>\n<meta property=\"og:title\" content=\"C&#039;est la rentr\u00e9e 2020 chez E-KONSEIL RH ! - E- KONSEIL RH\" \/>\n<meta property=\"og:description\" content=\"Le saviez-vous ? L\u2019\u00e9quipe s\u2019agrandit !&nbsp; Hier, nous avons accueilli&nbsp;Fr\u00e9d\u00e9rique LACAILLE Charg\u00e9e de missions RH et Corentin LOPES&nbsp;Responsable en Communication Digitale&nbsp;et Marketing. Au programme : Test COVID-19 Prise de temp\u00e9rature &#x1f321; Respect des r\u00e8gles sanitaires Par la suite, journ\u00e9e sur le th\u00e8me de la coh\u00e9sion d\u2019\u00e9quipe \u2026 Qui fait quoi ? Ensuite nous avons particip\u00e9 [&hellip;]\" \/>\n<meta property=\"og:url\" content=\"https:\/\/ekonseil-rh.fr\/cest-la-rentree-chez-e-konseil-rh\/\" \/>\n<meta property=\"og:site_name\" content=\"E- KONSEIL RH\" \/>\n<meta property=\"article:publisher\" content=\"https:\/\/www.facebook.com\/EKonseilRH\/\" \/>\n<meta property=\"article:published_time\" content=\"2020-09-02T15:09:22+00:00\" \/>\n<meta property=\"article:modified_time\" content=\"2025-05-22T12:54:40+00:00\" \/>\n<meta property=\"og:image\" content=\"https:\/\/ekonseil-rh.fr\/wp-content\/uploads\/2020\/09\/Bienvenu-linkedin.png\" \/>\n\t<meta property=\"og:image:width\" content=\"1200\" \/>\n\t<meta property=\"og:image:height\" content=\"627\" \/>\n\t<meta property=\"og:image:type\" content=\"image\/png\" \/>\n<meta name=\"author\" content=\"E-KONSEIL RH\" \/>\n<meta name=\"twitter:card\" content=\"summary_large_image\" \/>\n<meta name=\"twitter:creator\" content=\"@ekonseilrh\" \/>\n<meta name=\"twitter:site\" content=\"@ekonseilrh\" \/>\n<meta name=\"twitter:label1\" content=\"\u00c9crit par\" \/>\n\t<meta name=\"twitter:data1\" content=\"E-KONSEIL RH\" \/>\n\t<meta name=\"twitter:label2\" content=\"Dur\u00e9e de lecture estim\u00e9e\" \/>\n\t<meta name=\"twitter:data2\" content=\"1 minute\" \/>\n<script type=\"application\/ld+json\" class=\"yoast-schema-graph\">{\"@context\":\"https:\/\/schema.org\",\"@graph\":[{\"@type\":\"Article\",\"@id\":\"https:\/\/ekonseil-rh.fr\/cest-la-rentree-chez-e-konseil-rh\/#article\",\"isPartOf\":{\"@id\":\"https:\/\/ekonseil-rh.fr\/cest-la-rentree-chez-e-konseil-rh\/\"},\"author\":{\"name\":\"E-KONSEIL RH\",\"@id\":\"https:\/\/ekonseil-rh.fr\/#\/schema\/person\/ae40df95309441731cd1219d04a7630d\"},\"headline\":\"C&#8217;est la rentr\u00e9e 2020 chez E-KONSEIL RH !\",\"datePublished\":\"2020-09-02T15:09:22+00:00\",\"dateModified\":\"2025-05-22T12:54:40+00:00\",\"mainEntityOfPage\":{\"@id\":\"https:\/\/ekonseil-rh.fr\/cest-la-rentree-chez-e-konseil-rh\/\"},\"wordCount\":164,\"publisher\":{\"@id\":\"https:\/\/ekonseil-rh.fr\/#organization\"},\"articleSection\":[\"Vie d'entreprise\"],\"inLanguage\":\"fr-FR\"},{\"@type\":\"WebPage\",\"@id\":\"https:\/\/ekonseil-rh.fr\/cest-la-rentree-chez-e-konseil-rh\/\",\"url\":\"https:\/\/ekonseil-rh.fr\/cest-la-rentree-chez-e-konseil-rh\/\",\"name\":\"C'est la rentr\u00e9e 2020 chez E-KONSEIL RH ! - E- KONSEIL RH\",\"isPartOf\":{\"@id\":\"https:\/\/ekonseil-rh.fr\/#website\"},\"datePublished\":\"2020-09-02T15:09:22+00:00\",\"dateModified\":\"2025-05-22T12:54:40+00:00\",\"inLanguage\":\"fr-FR\",\"potentialAction\":[{\"@type\":\"ReadAction\",\"target\":[\"https:\/\/ekonseil-rh.fr\/cest-la-rentree-chez-e-konseil-rh\/\"]}]},{\"@type\":\"WebSite\",\"@id\":\"https:\/\/ekonseil-rh.fr\/#website\",\"url\":\"https:\/\/ekonseil-rh.fr\/\",\"name\":\"E- KONSEIL RH\",\"description\":\"Notre exp\u00e9rience m\u00e8ne \u00e0 votre r\u00e9ussite\",\"publisher\":{\"@id\":\"https:\/\/ekonseil-rh.fr\/#organization\"},\"potentialAction\":[{\"@type\":\"SearchAction\",\"target\":{\"@type\":\"EntryPoint\",\"urlTemplate\":\"https:\/\/ekonseil-rh.fr\/?s={search_term_string}\"},\"query-input\":\"required name=search_term_string\"}],\"inLanguage\":\"fr-FR\"},{\"@type\":\"Organization\",\"@id\":\"https:\/\/ekonseil-rh.fr\/#organization\",\"name\":\"E- KONSEIL RH\",\"url\":\"https:\/\/ekonseil-rh.fr\/\",\"logo\":{\"@type\":\"ImageObject\",\"inLanguage\":\"fr-FR\",\"@id\":\"https:\/\/ekonseil-rh.fr\/#\/schema\/logo\/image\/\",\"url\":\"https:\/\/ekonseil-rh.fr\/wp-content\/uploads\/2024\/10\/Logo-E-KONSEIL-RH-Bleu-noir.png\",\"contentUrl\":\"https:\/\/ekonseil-rh.fr\/wp-content\/uploads\/2024\/10\/Logo-E-KONSEIL-RH-Bleu-noir.png\",\"width\":2566,\"height\":864,\"caption\":\"E- KONSEIL RH\"},\"image\":{\"@id\":\"https:\/\/ekonseil-rh.fr\/#\/schema\/logo\/image\/\"},\"sameAs\":[\"https:\/\/www.facebook.com\/EKonseilRH\/\",\"https:\/\/twitter.com\/ekonseilrh\",\"https:\/\/fr.linkedin.com\/in\/laurence-derache-22766b30\"]},{\"@type\":\"Person\",\"@id\":\"https:\/\/ekonseil-rh.fr\/#\/schema\/person\/ae40df95309441731cd1219d04a7630d\",\"name\":\"E-KONSEIL RH\",\"image\":{\"@type\":\"ImageObject\",\"inLanguage\":\"fr-FR\",\"@id\":\"https:\/\/ekonseil-rh.fr\/#\/schema\/person\/image\/\",\"url\":\"https:\/\/secure.gravatar.com\/avatar\/d509340c0191282214e3820d1a128a39?s=96&d=blank&r=g\",\"contentUrl\":\"https:\/\/secure.gravatar.com\/avatar\/d509340c0191282214e3820d1a128a39?s=96&d=blank&r=g\",\"caption\":\"E-KONSEIL RH\"},\"sameAs\":[\"https:\/\/www.ekonseil-rh.fr\"]}]}<\/script>\n<!-- \/ Yoast SEO plugin. -->","yoast_head_json":{"title":"C'est la rentr\u00e9e 2020 chez E-KONSEIL RH ! - E- KONSEIL RH","robots":{"index":"index","follow":"follow","max-snippet":"max-snippet:-1","max-image-preview":"max-image-preview:large","max-video-preview":"max-video-preview:-1"},"canonical":"https:\/\/ekonseil-rh.fr\/cest-la-rentree-chez-e-konseil-rh\/","og_locale":"fr_FR","og_type":"article","og_title":"C'est la rentr\u00e9e 2020 chez E-KONSEIL RH ! - E- KONSEIL RH","og_description":"Le saviez-vous ? L\u2019\u00e9quipe s\u2019agrandit !&nbsp; Hier, nous avons accueilli&nbsp;Fr\u00e9d\u00e9rique LACAILLE Charg\u00e9e de missions RH et Corentin LOPES&nbsp;Responsable en Communication Digitale&nbsp;et Marketing. Au programme : Test COVID-19 Prise de temp\u00e9rature &#x1f321; Respect des r\u00e8gles sanitaires Par la suite, journ\u00e9e sur le th\u00e8me de la coh\u00e9sion d\u2019\u00e9quipe \u2026 Qui fait quoi ? Ensuite nous avons particip\u00e9 [&hellip;]","og_url":"https:\/\/ekonseil-rh.fr\/cest-la-rentree-chez-e-konseil-rh\/","og_site_name":"E- KONSEIL RH","article_publisher":"https:\/\/www.facebook.com\/EKonseilRH\/","article_published_time":"2020-09-02T15:09:22+00:00","article_modified_time":"2025-05-22T12:54:40+00:00","og_image":[{"width":1200,"height":627,"url":"https:\/\/ekonseil-rh.fr\/wp-content\/uploads\/2020\/09\/Bienvenu-linkedin.png","type":"image\/png"}],"author":"E-KONSEIL RH","twitter_card":"summary_large_image","twitter_creator":"@ekonseilrh","twitter_site":"@ekonseilrh","twitter_misc":{"\u00c9crit par":"E-KONSEIL RH","Dur\u00e9e de lecture estim\u00e9e":"1 minute"},"schema":{"@context":"https:\/\/schema.org","@graph":[{"@type":"Article","@id":"https:\/\/ekonseil-rh.fr\/cest-la-rentree-chez-e-konseil-rh\/#article","isPartOf":{"@id":"https:\/\/ekonseil-rh.fr\/cest-la-rentree-chez-e-konseil-rh\/"},"author":{"name":"E-KONSEIL RH","@id":"https:\/\/ekonseil-rh.fr\/#\/schema\/person\/ae40df95309441731cd1219d04a7630d"},"headline":"C&#8217;est la rentr\u00e9e 2020 chez E-KONSEIL RH !","datePublished":"2020-09-02T15:09:22+00:00","dateModified":"2025-05-22T12:54:40+00:00","mainEntityOfPage":{"@id":"https:\/\/ekonseil-rh.fr\/cest-la-rentree-chez-e-konseil-rh\/"},"wordCount":164,"publisher":{"@id":"https:\/\/ekonseil-rh.fr\/#organization"},"articleSection":["Vie d'entreprise"],"inLanguage":"fr-FR"},{"@type":"WebPage","@id":"https:\/\/ekonseil-rh.fr\/cest-la-rentree-chez-e-konseil-rh\/","url":"https:\/\/ekonseil-rh.fr\/cest-la-rentree-chez-e-konseil-rh\/","name":"C'est la rentr\u00e9e 2020 chez E-KONSEIL RH ! - E- KONSEIL RH","isPartOf":{"@id":"https:\/\/ekonseil-rh.fr\/#website"},"datePublished":"2020-09-02T15:09:22+00:00","dateModified":"2025-05-22T12:54:40+00:00","inLanguage":"fr-FR","potentialAction":[{"@type":"ReadAction","target":["https:\/\/ekonseil-rh.fr\/cest-la-rentree-chez-e-konseil-rh\/"]}]},{"@type":"WebSite","@id":"https:\/\/ekonseil-rh.fr\/#website","url":"https:\/\/ekonseil-rh.fr\/","name":"E- KONSEIL RH","description":"Notre exp\u00e9rience m\u00e8ne \u00e0 votre r\u00e9ussite","publisher":{"@id":"https:\/\/ekonseil-rh.fr\/#organization"},"potentialAction":[{"@type":"SearchAction","target":{"@type":"EntryPoint","urlTemplate":"https:\/\/ekonseil-rh.fr\/?s={search_term_string}"},"query-input":"required name=search_term_string"}],"inLanguage":"fr-FR"},{"@type":"Organization","@id":"https:\/\/ekonseil-rh.fr\/#organization","name":"E- KONSEIL RH","url":"https:\/\/ekonseil-rh.fr\/","logo":{"@type":"ImageObject","inLanguage":"fr-FR","@id":"https:\/\/ekonseil-rh.fr\/#\/schema\/logo\/image\/","url":"https:\/\/ekonseil-rh.fr\/wp-content\/uploads\/2024\/10\/Logo-E-KONSEIL-RH-Bleu-noir.png","contentUrl":"https:\/\/ekonseil-rh.fr\/wp-content\/uploads\/2024\/10\/Logo-E-KONSEIL-RH-Bleu-noir.png","width":2566,"height":864,"caption":"E- KONSEIL RH"},"image":{"@id":"https:\/\/ekonseil-rh.fr\/#\/schema\/logo\/image\/"},"sameAs":["https:\/\/www.facebook.com\/EKonseilRH\/","https:\/\/twitter.com\/ekonseilrh","https:\/\/fr.linkedin.com\/in\/laurence-derache-22766b30"]},{"@type":"Person","@id":"https:\/\/ekonseil-rh.fr\/#\/schema\/person\/ae40df95309441731cd1219d04a7630d","name":"E-KONSEIL RH","image":{"@type":"ImageObject","inLanguage":"fr-FR","@id":"https:\/\/ekonseil-rh.fr\/#\/schema\/person\/image\/","url":"https:\/\/secure.gravatar.com\/avatar\/d509340c0191282214e3820d1a128a39?s=96&d=blank&r=g","contentUrl":"https:\/\/secure.gravatar.com\/avatar\/d509340c0191282214e3820d1a128a39?s=96&d=blank&r=g","caption":"E-KONSEIL RH"},"sameAs":["https:\/\/www.ekonseil-rh.fr"]}]}},"_links":{"self":[{"href":"https:\/\/ekonseil-rh.fr\/wp_json\/wp\/v2\/posts\/3150"}],"collection":[{"href":"https:\/\/ekonseil-rh.fr\/wp_json\/wp\/v2\/posts"}],"about":[{"href":"https:\/\/ekonseil-rh.fr\/wp_json\/wp\/v2\/types\/post"}],"author":[{"embeddable":true,"href":"https:\/\/ekonseil-rh.fr\/wp_json\/wp\/v2\/users\/3"}],"replies":[{"embeddable":true,"href":"https:\/\/ekonseil-rh.fr\/wp_json\/wp\/v2\/comments?post=3150"}],"version-history":[{"count":3,"href":"https:\/\/ekonseil-rh.fr\/wp_json\/wp\/v2\/posts\/3150\/revisions"}],"predecessor-version":[{"id":4954,"href":"https:\/\/ekonseil-rh.fr\/wp_json\/wp\/v2\/posts\/3150\/revisions\/4954"}],"wp:featuredmedia":[{"embeddable":true,"href":"https:\/\/ekonseil-rh.fr\/wp_json\/wp\/v2\/media\/3151"}],"wp:attachment":[{"href":"https:\/\/ekonseil-rh.fr\/wp_json\/wp\/v2\/media?parent=3150"}],"wp:term":[{"taxonomy":"category","embeddable":true,"href":"https:\/\/ekonseil-rh.fr\/wp_json\/wp\/v2\/categories?post=3150"},{"taxonomy":"post_tag","embeddable":true,"href":"https:\/\/ekonseil-rh.fr\/wp_json\/wp\/v2\/tags?post=3150"}],"curies":[{"name":"wp","href":"https:\/\/api.w.org\/{rel}","templated":true}]}}