{"id":2991,"date":"2019-05-13T09:26:06","date_gmt":"2019-05-13T08:26:06","guid":{"rendered":"http:\/\/ekonseil-rh.fr\/?p=2991"},"modified":"2025-05-22T13:55:19","modified_gmt":"2025-05-22T12:55:19","slug":"animation-sur-la-thematique-de-la-non-discrimination","status":"publish","type":"post","link":"https:\/\/ekonseil-rh.fr\/animation-sur-la-thematique-de-la-non-discrimination\/","title":{"rendered":"Animation sur la th\u00e9matique de la non discrimination"},"content":{"rendered":"\n<p>Ce matin avait lieu notre Matinale de la RSE au sein du superbe showroom de l&#8217;entreprise Groupe DECIMA.\n\nLa th\u00e9matique? Am\u00e9liorer mes pratiques RH afin d&#8217;\u00e9viter les biais discriminants \u00e0 l&#8217;embauche et tout au long de la carri\u00e8re, par le cabinet E-KONSEIL RH.\n\nEncore une matin\u00e9e riche en \u00e9changes, gr\u00e2ce \u00e0 un groupe dynamique, sensible aux sujets \u00e9voqu\u00e9s. Merci \u00e0 vous d&#8217;\u00eatre aussi engag\u00e9s \u00e0 nos c\u00f4t\u00e9s!<\/p>\n","protected":false},"excerpt":{"rendered":"<p>Ce matin avait lieu notre Matinale de la RSE au sein du superbe showroom de l&#8217;entreprise Groupe DECIMA. La th\u00e9matique? &#8230;<\/p>\n","protected":false},"author":3,"featured_media":2993,"comment_status":"closed","ping_status":"closed","sticky":false,"template":"","format":"standard","meta":{"_eb_attr":"","footnotes":""},"categories":[77],"tags":[],"blocksy_meta":{"styles_descriptor":{"styles":{"desktop":"","tablet":"","mobile":""},"google_fonts":[],"version":6}},"featured_image_urls":{"full":["https:\/\/ekonseil-rh.fr\/wp-content\/uploads\/2019\/05\/FACE_ARTOIS.jpg",960,720,false],"thumbnail":["https:\/\/ekonseil-rh.fr\/wp-content\/uploads\/2019\/05\/FACE_ARTOIS-150x150.jpg",150,150,true],"medium":["https:\/\/ekonseil-rh.fr\/wp-content\/uploads\/2019\/05\/FACE_ARTOIS-300x225.jpg",300,225,true],"medium_large":["https:\/\/ekonseil-rh.fr\/wp-content\/uploads\/2019\/05\/FACE_ARTOIS-768x576.jpg",768,576,true],"large":["https:\/\/ekonseil-rh.fr\/wp-content\/uploads\/2019\/05\/FACE_ARTOIS.jpg",960,720,false],"course_archive_thumbnail":["https:\/\/ekonseil-rh.fr\/wp-content\/uploads\/2019\/05\/FACE_ARTOIS-100x75.jpg",100,75,true],"course_single_thumbnail":["https:\/\/ekonseil-rh.fr\/wp-content\/uploads\/2019\/05\/FACE_ARTOIS-100x75.jpg",100,75,true],"lesson_archive_thumbnail":["https:\/\/ekonseil-rh.fr\/wp-content\/uploads\/2019\/05\/FACE_ARTOIS-100x75.jpg",100,75,true],"lesson_single_thumbnail":["https:\/\/ekonseil-rh.fr\/wp-content\/uploads\/2019\/05\/FACE_ARTOIS-100x75.jpg",100,75,true],"1536x1536":["https:\/\/ekonseil-rh.fr\/wp-content\/uploads\/2019\/05\/FACE_ARTOIS.jpg",960,720,false],"2048x2048":["https:\/\/ekonseil-rh.fr\/wp-content\/uploads\/2019\/05\/FACE_ARTOIS.jpg",960,720,false]},"post_excerpt_stackable":"<p>Ce matin avait lieu notre Matinale de la RSE au sein du superbe showroom de l&#8217;entreprise Groupe DECIMA. La th\u00e9matique? &#8230;<\/p>\n","category_list":"<a href=\"https:\/\/ekonseil-rh.fr\/category\/coaching\/\" rel=\"category tag\">Coaching<\/a>","author_info":{"name":"E-KONSEIL RH","url":"https:\/\/ekonseil-rh.fr\/author\/lderache\/"},"comments_num":"0 commentaire","yoast_head":"<!-- This site is optimized with the Yoast SEO plugin v21.8 - https:\/\/yoast.com\/wordpress\/plugins\/seo\/ -->\n<title>Animation sur la th\u00e9matique de la non discrimination - E- KONSEIL RH<\/title>\n<meta name=\"robots\" content=\"index, follow, max-snippet:-1, max-image-preview:large, max-video-preview:-1\" \/>\n<link rel=\"canonical\" href=\"https:\/\/ekonseil-rh.fr\/animation-sur-la-thematique-de-la-non-discrimination\/\" \/>\n<meta property=\"og:locale\" content=\"fr_FR\" \/>\n<meta property=\"og:type\" content=\"article\" \/>\n<meta property=\"og:title\" content=\"Animation sur la th\u00e9matique de la non discrimination - E- KONSEIL RH\" \/>\n<meta property=\"og:description\" content=\"Ce matin avait lieu notre Matinale de la RSE au sein du superbe showroom de l&#039;entreprise Groupe DECIMA. La th\u00e9matique? ...\" \/>\n<meta property=\"og:url\" content=\"https:\/\/ekonseil-rh.fr\/animation-sur-la-thematique-de-la-non-discrimination\/\" \/>\n<meta property=\"og:site_name\" content=\"E- KONSEIL RH\" \/>\n<meta property=\"article:publisher\" content=\"https:\/\/www.facebook.com\/EKonseilRH\/\" \/>\n<meta property=\"article:published_time\" content=\"2019-05-13T08:26:06+00:00\" \/>\n<meta property=\"article:modified_time\" content=\"2025-05-22T12:55:19+00:00\" \/>\n<meta property=\"og:image\" content=\"https:\/\/ekonseil-rh.fr\/wp-content\/uploads\/2019\/05\/FACE_ARTOIS.jpg\" \/>\n\t<meta property=\"og:image:width\" content=\"960\" \/>\n\t<meta property=\"og:image:height\" content=\"720\" \/>\n\t<meta property=\"og:image:type\" content=\"image\/jpeg\" \/>\n<meta name=\"author\" content=\"E-KONSEIL RH\" \/>\n<meta name=\"twitter:card\" content=\"summary_large_image\" \/>\n<meta name=\"twitter:creator\" content=\"@ekonseilrh\" \/>\n<meta name=\"twitter:site\" content=\"@ekonseilrh\" \/>\n<meta name=\"twitter:label1\" content=\"\u00c9crit par\" \/>\n\t<meta name=\"twitter:data1\" content=\"E-KONSEIL RH\" \/>\n<script type=\"application\/ld+json\" class=\"yoast-schema-graph\">{\"@context\":\"https:\/\/schema.org\",\"@graph\":[{\"@type\":\"Article\",\"@id\":\"https:\/\/ekonseil-rh.fr\/animation-sur-la-thematique-de-la-non-discrimination\/#article\",\"isPartOf\":{\"@id\":\"https:\/\/ekonseil-rh.fr\/animation-sur-la-thematique-de-la-non-discrimination\/\"},\"author\":{\"name\":\"E-KONSEIL RH\",\"@id\":\"https:\/\/ekonseil-rh.fr\/#\/schema\/person\/ae40df95309441731cd1219d04a7630d\"},\"headline\":\"Animation sur la th\u00e9matique de la non discrimination\",\"datePublished\":\"2019-05-13T08:26:06+00:00\",\"dateModified\":\"2025-05-22T12:55:19+00:00\",\"mainEntityOfPage\":{\"@id\":\"https:\/\/ekonseil-rh.fr\/animation-sur-la-thematique-de-la-non-discrimination\/\"},\"wordCount\":83,\"publisher\":{\"@id\":\"https:\/\/ekonseil-rh.fr\/#organization\"},\"articleSection\":[\"Coaching\"],\"inLanguage\":\"fr-FR\"},{\"@type\":\"WebPage\",\"@id\":\"https:\/\/ekonseil-rh.fr\/animation-sur-la-thematique-de-la-non-discrimination\/\",\"url\":\"https:\/\/ekonseil-rh.fr\/animation-sur-la-thematique-de-la-non-discrimination\/\",\"name\":\"Animation sur la th\u00e9matique de la non discrimination - E- KONSEIL RH\",\"isPartOf\":{\"@id\":\"https:\/\/ekonseil-rh.fr\/#website\"},\"datePublished\":\"2019-05-13T08:26:06+00:00\",\"dateModified\":\"2025-05-22T12:55:19+00:00\",\"inLanguage\":\"fr-FR\",\"potentialAction\":[{\"@type\":\"ReadAction\",\"target\":[\"https:\/\/ekonseil-rh.fr\/animation-sur-la-thematique-de-la-non-discrimination\/\"]}]},{\"@type\":\"WebSite\",\"@id\":\"https:\/\/ekonseil-rh.fr\/#website\",\"url\":\"https:\/\/ekonseil-rh.fr\/\",\"name\":\"E- KONSEIL RH\",\"description\":\"Notre exp\u00e9rience m\u00e8ne \u00e0 votre r\u00e9ussite\",\"publisher\":{\"@id\":\"https:\/\/ekonseil-rh.fr\/#organization\"},\"potentialAction\":[{\"@type\":\"SearchAction\",\"target\":{\"@type\":\"EntryPoint\",\"urlTemplate\":\"https:\/\/ekonseil-rh.fr\/?s={search_term_string}\"},\"query-input\":\"required name=search_term_string\"}],\"inLanguage\":\"fr-FR\"},{\"@type\":\"Organization\",\"@id\":\"https:\/\/ekonseil-rh.fr\/#organization\",\"name\":\"E- KONSEIL RH\",\"url\":\"https:\/\/ekonseil-rh.fr\/\",\"logo\":{\"@type\":\"ImageObject\",\"inLanguage\":\"fr-FR\",\"@id\":\"https:\/\/ekonseil-rh.fr\/#\/schema\/logo\/image\/\",\"url\":\"https:\/\/ekonseil-rh.fr\/wp-content\/uploads\/2024\/10\/Logo-E-KONSEIL-RH-Bleu-noir.png\",\"contentUrl\":\"https:\/\/ekonseil-rh.fr\/wp-content\/uploads\/2024\/10\/Logo-E-KONSEIL-RH-Bleu-noir.png\",\"width\":2566,\"height\":864,\"caption\":\"E- KONSEIL RH\"},\"image\":{\"@id\":\"https:\/\/ekonseil-rh.fr\/#\/schema\/logo\/image\/\"},\"sameAs\":[\"https:\/\/www.facebook.com\/EKonseilRH\/\",\"https:\/\/twitter.com\/ekonseilrh\",\"https:\/\/fr.linkedin.com\/in\/laurence-derache-22766b30\"]},{\"@type\":\"Person\",\"@id\":\"https:\/\/ekonseil-rh.fr\/#\/schema\/person\/ae40df95309441731cd1219d04a7630d\",\"name\":\"E-KONSEIL RH\",\"image\":{\"@type\":\"ImageObject\",\"inLanguage\":\"fr-FR\",\"@id\":\"https:\/\/ekonseil-rh.fr\/#\/schema\/person\/image\/\",\"url\":\"https:\/\/secure.gravatar.com\/avatar\/d509340c0191282214e3820d1a128a39?s=96&d=blank&r=g\",\"contentUrl\":\"https:\/\/secure.gravatar.com\/avatar\/d509340c0191282214e3820d1a128a39?s=96&d=blank&r=g\",\"caption\":\"E-KONSEIL RH\"},\"sameAs\":[\"https:\/\/www.ekonseil-rh.fr\"]}]}<\/script>\n<!-- \/ Yoast SEO plugin. -->","yoast_head_json":{"title":"Animation sur la th\u00e9matique de la non discrimination - E- KONSEIL RH","robots":{"index":"index","follow":"follow","max-snippet":"max-snippet:-1","max-image-preview":"max-image-preview:large","max-video-preview":"max-video-preview:-1"},"canonical":"https:\/\/ekonseil-rh.fr\/animation-sur-la-thematique-de-la-non-discrimination\/","og_locale":"fr_FR","og_type":"article","og_title":"Animation sur la th\u00e9matique de la non discrimination - E- KONSEIL RH","og_description":"Ce matin avait lieu notre Matinale de la RSE au sein du superbe showroom de l'entreprise Groupe DECIMA. La th\u00e9matique? ...","og_url":"https:\/\/ekonseil-rh.fr\/animation-sur-la-thematique-de-la-non-discrimination\/","og_site_name":"E- KONSEIL RH","article_publisher":"https:\/\/www.facebook.com\/EKonseilRH\/","article_published_time":"2019-05-13T08:26:06+00:00","article_modified_time":"2025-05-22T12:55:19+00:00","og_image":[{"width":960,"height":720,"url":"https:\/\/ekonseil-rh.fr\/wp-content\/uploads\/2019\/05\/FACE_ARTOIS.jpg","type":"image\/jpeg"}],"author":"E-KONSEIL RH","twitter_card":"summary_large_image","twitter_creator":"@ekonseilrh","twitter_site":"@ekonseilrh","twitter_misc":{"\u00c9crit par":"E-KONSEIL RH"},"schema":{"@context":"https:\/\/schema.org","@graph":[{"@type":"Article","@id":"https:\/\/ekonseil-rh.fr\/animation-sur-la-thematique-de-la-non-discrimination\/#article","isPartOf":{"@id":"https:\/\/ekonseil-rh.fr\/animation-sur-la-thematique-de-la-non-discrimination\/"},"author":{"name":"E-KONSEIL RH","@id":"https:\/\/ekonseil-rh.fr\/#\/schema\/person\/ae40df95309441731cd1219d04a7630d"},"headline":"Animation sur la th\u00e9matique de la non discrimination","datePublished":"2019-05-13T08:26:06+00:00","dateModified":"2025-05-22T12:55:19+00:00","mainEntityOfPage":{"@id":"https:\/\/ekonseil-rh.fr\/animation-sur-la-thematique-de-la-non-discrimination\/"},"wordCount":83,"publisher":{"@id":"https:\/\/ekonseil-rh.fr\/#organization"},"articleSection":["Coaching"],"inLanguage":"fr-FR"},{"@type":"WebPage","@id":"https:\/\/ekonseil-rh.fr\/animation-sur-la-thematique-de-la-non-discrimination\/","url":"https:\/\/ekonseil-rh.fr\/animation-sur-la-thematique-de-la-non-discrimination\/","name":"Animation sur la th\u00e9matique de la non discrimination - E- KONSEIL RH","isPartOf":{"@id":"https:\/\/ekonseil-rh.fr\/#website"},"datePublished":"2019-05-13T08:26:06+00:00","dateModified":"2025-05-22T12:55:19+00:00","inLanguage":"fr-FR","potentialAction":[{"@type":"ReadAction","target":["https:\/\/ekonseil-rh.fr\/animation-sur-la-thematique-de-la-non-discrimination\/"]}]},{"@type":"WebSite","@id":"https:\/\/ekonseil-rh.fr\/#website","url":"https:\/\/ekonseil-rh.fr\/","name":"E- KONSEIL RH","description":"Notre exp\u00e9rience m\u00e8ne \u00e0 votre r\u00e9ussite","publisher":{"@id":"https:\/\/ekonseil-rh.fr\/#organization"},"potentialAction":[{"@type":"SearchAction","target":{"@type":"EntryPoint","urlTemplate":"https:\/\/ekonseil-rh.fr\/?s={search_term_string}"},"query-input":"required name=search_term_string"}],"inLanguage":"fr-FR"},{"@type":"Organization","@id":"https:\/\/ekonseil-rh.fr\/#organization","name":"E- KONSEIL RH","url":"https:\/\/ekonseil-rh.fr\/","logo":{"@type":"ImageObject","inLanguage":"fr-FR","@id":"https:\/\/ekonseil-rh.fr\/#\/schema\/logo\/image\/","url":"https:\/\/ekonseil-rh.fr\/wp-content\/uploads\/2024\/10\/Logo-E-KONSEIL-RH-Bleu-noir.png","contentUrl":"https:\/\/ekonseil-rh.fr\/wp-content\/uploads\/2024\/10\/Logo-E-KONSEIL-RH-Bleu-noir.png","width":2566,"height":864,"caption":"E- KONSEIL RH"},"image":{"@id":"https:\/\/ekonseil-rh.fr\/#\/schema\/logo\/image\/"},"sameAs":["https:\/\/www.facebook.com\/EKonseilRH\/","https:\/\/twitter.com\/ekonseilrh","https:\/\/fr.linkedin.com\/in\/laurence-derache-22766b30"]},{"@type":"Person","@id":"https:\/\/ekonseil-rh.fr\/#\/schema\/person\/ae40df95309441731cd1219d04a7630d","name":"E-KONSEIL RH","image":{"@type":"ImageObject","inLanguage":"fr-FR","@id":"https:\/\/ekonseil-rh.fr\/#\/schema\/person\/image\/","url":"https:\/\/secure.gravatar.com\/avatar\/d509340c0191282214e3820d1a128a39?s=96&d=blank&r=g","contentUrl":"https:\/\/secure.gravatar.com\/avatar\/d509340c0191282214e3820d1a128a39?s=96&d=blank&r=g","caption":"E-KONSEIL RH"},"sameAs":["https:\/\/www.ekonseil-rh.fr"]}]}},"_links":{"self":[{"href":"https:\/\/ekonseil-rh.fr\/wp_json\/wp\/v2\/posts\/2991"}],"collection":[{"href":"https:\/\/ekonseil-rh.fr\/wp_json\/wp\/v2\/posts"}],"about":[{"href":"https:\/\/ekonseil-rh.fr\/wp_json\/wp\/v2\/types\/post"}],"author":[{"embeddable":true,"href":"https:\/\/ekonseil-rh.fr\/wp_json\/wp\/v2\/users\/3"}],"replies":[{"embeddable":true,"href":"https:\/\/ekonseil-rh.fr\/wp_json\/wp\/v2\/comments?post=2991"}],"version-history":[{"count":1,"href":"https:\/\/ekonseil-rh.fr\/wp_json\/wp\/v2\/posts\/2991\/revisions"}],"predecessor-version":[{"id":5628,"href":"https:\/\/ekonseil-rh.fr\/wp_json\/wp\/v2\/posts\/2991\/revisions\/5628"}],"wp:featuredmedia":[{"embeddable":true,"href":"https:\/\/ekonseil-rh.fr\/wp_json\/wp\/v2\/media\/2993"}],"wp:attachment":[{"href":"https:\/\/ekonseil-rh.fr\/wp_json\/wp\/v2\/media?parent=2991"}],"wp:term":[{"taxonomy":"category","embeddable":true,"href":"https:\/\/ekonseil-rh.fr\/wp_json\/wp\/v2\/categories?post=2991"},{"taxonomy":"post_tag","embeddable":true,"href":"https:\/\/ekonseil-rh.fr\/wp_json\/wp\/v2\/tags?post=2991"}],"curies":[{"name":"wp","href":"https:\/\/api.w.org\/{rel}","templated":true}]}}