{"id":2134,"date":"2018-06-19T12:55:54","date_gmt":"2018-06-19T11:55:54","guid":{"rendered":"http:\/\/ekonseil-rh.fr\/?p=2134"},"modified":"2019-03-19T14:47:06","modified_gmt":"2019-03-19T13:47:06","slug":"fin-du-seminaire-avec-les-directeurs-du-ministere-des-douanes-du-maroc-4","status":"publish","type":"post","link":"https:\/\/ekonseil-rh.fr\/fin-du-seminaire-avec-les-directeurs-du-ministere-des-douanes-du-maroc-4\/","title":{"rendered":"Congr\u00e8s de l\u2019ANDRH \u00e0 Toulouse"},"content":{"rendered":"\n<p>E-Konseil se tient inform\u00e9 au sujet des r\u00e9flexions sur les \u00e9volutions du m\u00e9tier RH, Lors du Congr\u00e8s de l\u2019ANDRH \u00e0 Toulouse. Un programme de 2 jours tr\u00e8s riche avec notamment une belle intervention de Thierry Baril (DRH Airbus).<\/p>\n","protected":false},"excerpt":{"rendered":"<p>E-Konseil se tient inform\u00e9 au sujet des r\u00e9flexions&#8230;<\/p>\n","protected":false},"author":3,"featured_media":2105,"comment_status":"closed","ping_status":"open","sticky":false,"template":"","format":"standard","meta":{"_eb_attr":"","footnotes":""},"categories":[76],"tags":[],"blocksy_meta":{"styles_descriptor":{"styles":{"desktop":"","tablet":"","mobile":""},"google_fonts":[],"version":6}},"featured_image_urls":{"full":["https:\/\/ekonseil-rh.fr\/wp-content\/uploads\/2019\/03\/4_Congres_ANDRH_Toulouse.jpg",1920,1440,false],"thumbnail":["https:\/\/ekonseil-rh.fr\/wp-content\/uploads\/2019\/03\/4_Congres_ANDRH_Toulouse-150x150.jpg",150,150,true],"medium":["https:\/\/ekonseil-rh.fr\/wp-content\/uploads\/2019\/03\/4_Congres_ANDRH_Toulouse-300x225.jpg",300,225,true],"medium_large":["https:\/\/ekonseil-rh.fr\/wp-content\/uploads\/2019\/03\/4_Congres_ANDRH_Toulouse-768x576.jpg",768,576,true],"large":["https:\/\/ekonseil-rh.fr\/wp-content\/uploads\/2019\/03\/4_Congres_ANDRH_Toulouse-1024x768.jpg",1024,768,true],"course_archive_thumbnail":["https:\/\/ekonseil-rh.fr\/wp-content\/uploads\/2019\/03\/4_Congres_ANDRH_Toulouse.jpg",100,75,false],"course_single_thumbnail":["https:\/\/ekonseil-rh.fr\/wp-content\/uploads\/2019\/03\/4_Congres_ANDRH_Toulouse.jpg",100,75,false],"lesson_archive_thumbnail":["https:\/\/ekonseil-rh.fr\/wp-content\/uploads\/2019\/03\/4_Congres_ANDRH_Toulouse.jpg",100,75,false],"lesson_single_thumbnail":["https:\/\/ekonseil-rh.fr\/wp-content\/uploads\/2019\/03\/4_Congres_ANDRH_Toulouse.jpg",100,75,false],"1536x1536":["https:\/\/ekonseil-rh.fr\/wp-content\/uploads\/2019\/03\/4_Congres_ANDRH_Toulouse.jpg",1536,1152,false],"2048x2048":["https:\/\/ekonseil-rh.fr\/wp-content\/uploads\/2019\/03\/4_Congres_ANDRH_Toulouse.jpg",1920,1440,false]},"post_excerpt_stackable":"<p>E-Konseil se tient inform\u00e9 au sujet des r\u00e9flexions&#8230;<\/p>\n","category_list":"<a href=\"https:\/\/ekonseil-rh.fr\/category\/evenementielle\/\" rel=\"category tag\">\u00e9v\u00e9nementielle<\/a>","author_info":{"name":"E-KONSEIL RH","url":"https:\/\/ekonseil-rh.fr\/author\/lderache\/"},"comments_num":"0 commentaire","yoast_head":"<!-- This site is optimized with the Yoast SEO plugin v21.8 - https:\/\/yoast.com\/wordpress\/plugins\/seo\/ -->\n<title>Congr\u00e8s de l\u2019ANDRH \u00e0 Toulouse - E- KONSEIL RH<\/title>\n<meta name=\"robots\" content=\"index, follow, max-snippet:-1, max-image-preview:large, max-video-preview:-1\" \/>\n<link rel=\"canonical\" href=\"https:\/\/ekonseil-rh.fr\/fin-du-seminaire-avec-les-directeurs-du-ministere-des-douanes-du-maroc-4\/\" \/>\n<meta property=\"og:locale\" content=\"fr_FR\" \/>\n<meta property=\"og:type\" content=\"article\" \/>\n<meta property=\"og:title\" content=\"Congr\u00e8s de l\u2019ANDRH \u00e0 Toulouse - E- KONSEIL RH\" \/>\n<meta property=\"og:description\" content=\"E-Konseil se tient inform\u00e9 au sujet des r\u00e9flexions...\" \/>\n<meta property=\"og:url\" content=\"https:\/\/ekonseil-rh.fr\/fin-du-seminaire-avec-les-directeurs-du-ministere-des-douanes-du-maroc-4\/\" \/>\n<meta property=\"og:site_name\" content=\"E- KONSEIL RH\" \/>\n<meta property=\"article:publisher\" content=\"https:\/\/www.facebook.com\/EKonseilRH\/\" \/>\n<meta property=\"article:published_time\" content=\"2018-06-19T11:55:54+00:00\" \/>\n<meta property=\"article:modified_time\" content=\"2019-03-19T13:47:06+00:00\" \/>\n<meta property=\"og:image\" content=\"https:\/\/ekonseil-rh.fr\/wp-content\/uploads\/2019\/03\/4_Congres_ANDRH_Toulouse.jpg\" \/>\n\t<meta property=\"og:image:width\" content=\"1920\" \/>\n\t<meta property=\"og:image:height\" content=\"1440\" \/>\n\t<meta property=\"og:image:type\" content=\"image\/jpeg\" \/>\n<meta name=\"author\" content=\"E-KONSEIL RH\" \/>\n<meta name=\"twitter:card\" content=\"summary_large_image\" \/>\n<meta name=\"twitter:creator\" content=\"@ekonseilrh\" \/>\n<meta name=\"twitter:site\" content=\"@ekonseilrh\" \/>\n<meta name=\"twitter:label1\" content=\"\u00c9crit par\" \/>\n\t<meta name=\"twitter:data1\" content=\"E-KONSEIL RH\" \/>\n<script type=\"application\/ld+json\" class=\"yoast-schema-graph\">{\"@context\":\"https:\/\/schema.org\",\"@graph\":[{\"@type\":\"Article\",\"@id\":\"https:\/\/ekonseil-rh.fr\/fin-du-seminaire-avec-les-directeurs-du-ministere-des-douanes-du-maroc-4\/#article\",\"isPartOf\":{\"@id\":\"https:\/\/ekonseil-rh.fr\/fin-du-seminaire-avec-les-directeurs-du-ministere-des-douanes-du-maroc-4\/\"},\"author\":{\"name\":\"E-KONSEIL RH\",\"@id\":\"https:\/\/ekonseil-rh.fr\/#\/schema\/person\/ae40df95309441731cd1219d04a7630d\"},\"headline\":\"Congr\u00e8s de l\u2019ANDRH \u00e0 Toulouse\",\"datePublished\":\"2018-06-19T11:55:54+00:00\",\"dateModified\":\"2019-03-19T13:47:06+00:00\",\"mainEntityOfPage\":{\"@id\":\"https:\/\/ekonseil-rh.fr\/fin-du-seminaire-avec-les-directeurs-du-ministere-des-douanes-du-maroc-4\/\"},\"wordCount\":47,\"publisher\":{\"@id\":\"https:\/\/ekonseil-rh.fr\/#organization\"},\"articleSection\":[\"\u00e9v\u00e9nementielle\"],\"inLanguage\":\"fr-FR\"},{\"@type\":\"WebPage\",\"@id\":\"https:\/\/ekonseil-rh.fr\/fin-du-seminaire-avec-les-directeurs-du-ministere-des-douanes-du-maroc-4\/\",\"url\":\"https:\/\/ekonseil-rh.fr\/fin-du-seminaire-avec-les-directeurs-du-ministere-des-douanes-du-maroc-4\/\",\"name\":\"Congr\u00e8s de l\u2019ANDRH \u00e0 Toulouse - E- KONSEIL RH\",\"isPartOf\":{\"@id\":\"https:\/\/ekonseil-rh.fr\/#website\"},\"datePublished\":\"2018-06-19T11:55:54+00:00\",\"dateModified\":\"2019-03-19T13:47:06+00:00\",\"inLanguage\":\"fr-FR\",\"potentialAction\":[{\"@type\":\"ReadAction\",\"target\":[\"https:\/\/ekonseil-rh.fr\/fin-du-seminaire-avec-les-directeurs-du-ministere-des-douanes-du-maroc-4\/\"]}]},{\"@type\":\"WebSite\",\"@id\":\"https:\/\/ekonseil-rh.fr\/#website\",\"url\":\"https:\/\/ekonseil-rh.fr\/\",\"name\":\"E- KONSEIL RH\",\"description\":\"Notre exp\u00e9rience m\u00e8ne \u00e0 votre r\u00e9ussite\",\"publisher\":{\"@id\":\"https:\/\/ekonseil-rh.fr\/#organization\"},\"potentialAction\":[{\"@type\":\"SearchAction\",\"target\":{\"@type\":\"EntryPoint\",\"urlTemplate\":\"https:\/\/ekonseil-rh.fr\/?s={search_term_string}\"},\"query-input\":\"required name=search_term_string\"}],\"inLanguage\":\"fr-FR\"},{\"@type\":\"Organization\",\"@id\":\"https:\/\/ekonseil-rh.fr\/#organization\",\"name\":\"E- KONSEIL RH\",\"url\":\"https:\/\/ekonseil-rh.fr\/\",\"logo\":{\"@type\":\"ImageObject\",\"inLanguage\":\"fr-FR\",\"@id\":\"https:\/\/ekonseil-rh.fr\/#\/schema\/logo\/image\/\",\"url\":\"https:\/\/ekonseil-rh.fr\/wp-content\/uploads\/2024\/10\/Logo-E-KONSEIL-RH-Bleu-noir.png\",\"contentUrl\":\"https:\/\/ekonseil-rh.fr\/wp-content\/uploads\/2024\/10\/Logo-E-KONSEIL-RH-Bleu-noir.png\",\"width\":2566,\"height\":864,\"caption\":\"E- KONSEIL RH\"},\"image\":{\"@id\":\"https:\/\/ekonseil-rh.fr\/#\/schema\/logo\/image\/\"},\"sameAs\":[\"https:\/\/www.facebook.com\/EKonseilRH\/\",\"https:\/\/twitter.com\/ekonseilrh\",\"https:\/\/fr.linkedin.com\/in\/laurence-derache-22766b30\"]},{\"@type\":\"Person\",\"@id\":\"https:\/\/ekonseil-rh.fr\/#\/schema\/person\/ae40df95309441731cd1219d04a7630d\",\"name\":\"E-KONSEIL RH\",\"image\":{\"@type\":\"ImageObject\",\"inLanguage\":\"fr-FR\",\"@id\":\"https:\/\/ekonseil-rh.fr\/#\/schema\/person\/image\/\",\"url\":\"https:\/\/secure.gravatar.com\/avatar\/d509340c0191282214e3820d1a128a39?s=96&d=blank&r=g\",\"contentUrl\":\"https:\/\/secure.gravatar.com\/avatar\/d509340c0191282214e3820d1a128a39?s=96&d=blank&r=g\",\"caption\":\"E-KONSEIL RH\"},\"sameAs\":[\"https:\/\/www.ekonseil-rh.fr\"]}]}<\/script>\n<!-- \/ Yoast SEO plugin. -->","yoast_head_json":{"title":"Congr\u00e8s de l\u2019ANDRH \u00e0 Toulouse - E- KONSEIL RH","robots":{"index":"index","follow":"follow","max-snippet":"max-snippet:-1","max-image-preview":"max-image-preview:large","max-video-preview":"max-video-preview:-1"},"canonical":"https:\/\/ekonseil-rh.fr\/fin-du-seminaire-avec-les-directeurs-du-ministere-des-douanes-du-maroc-4\/","og_locale":"fr_FR","og_type":"article","og_title":"Congr\u00e8s de l\u2019ANDRH \u00e0 Toulouse - E- KONSEIL RH","og_description":"E-Konseil se tient inform\u00e9 au sujet des r\u00e9flexions...","og_url":"https:\/\/ekonseil-rh.fr\/fin-du-seminaire-avec-les-directeurs-du-ministere-des-douanes-du-maroc-4\/","og_site_name":"E- KONSEIL RH","article_publisher":"https:\/\/www.facebook.com\/EKonseilRH\/","article_published_time":"2018-06-19T11:55:54+00:00","article_modified_time":"2019-03-19T13:47:06+00:00","og_image":[{"width":1920,"height":1440,"url":"https:\/\/ekonseil-rh.fr\/wp-content\/uploads\/2019\/03\/4_Congres_ANDRH_Toulouse.jpg","type":"image\/jpeg"}],"author":"E-KONSEIL RH","twitter_card":"summary_large_image","twitter_creator":"@ekonseilrh","twitter_site":"@ekonseilrh","twitter_misc":{"\u00c9crit par":"E-KONSEIL RH"},"schema":{"@context":"https:\/\/schema.org","@graph":[{"@type":"Article","@id":"https:\/\/ekonseil-rh.fr\/fin-du-seminaire-avec-les-directeurs-du-ministere-des-douanes-du-maroc-4\/#article","isPartOf":{"@id":"https:\/\/ekonseil-rh.fr\/fin-du-seminaire-avec-les-directeurs-du-ministere-des-douanes-du-maroc-4\/"},"author":{"name":"E-KONSEIL RH","@id":"https:\/\/ekonseil-rh.fr\/#\/schema\/person\/ae40df95309441731cd1219d04a7630d"},"headline":"Congr\u00e8s de l\u2019ANDRH \u00e0 Toulouse","datePublished":"2018-06-19T11:55:54+00:00","dateModified":"2019-03-19T13:47:06+00:00","mainEntityOfPage":{"@id":"https:\/\/ekonseil-rh.fr\/fin-du-seminaire-avec-les-directeurs-du-ministere-des-douanes-du-maroc-4\/"},"wordCount":47,"publisher":{"@id":"https:\/\/ekonseil-rh.fr\/#organization"},"articleSection":["\u00e9v\u00e9nementielle"],"inLanguage":"fr-FR"},{"@type":"WebPage","@id":"https:\/\/ekonseil-rh.fr\/fin-du-seminaire-avec-les-directeurs-du-ministere-des-douanes-du-maroc-4\/","url":"https:\/\/ekonseil-rh.fr\/fin-du-seminaire-avec-les-directeurs-du-ministere-des-douanes-du-maroc-4\/","name":"Congr\u00e8s de l\u2019ANDRH \u00e0 Toulouse - E- KONSEIL RH","isPartOf":{"@id":"https:\/\/ekonseil-rh.fr\/#website"},"datePublished":"2018-06-19T11:55:54+00:00","dateModified":"2019-03-19T13:47:06+00:00","inLanguage":"fr-FR","potentialAction":[{"@type":"ReadAction","target":["https:\/\/ekonseil-rh.fr\/fin-du-seminaire-avec-les-directeurs-du-ministere-des-douanes-du-maroc-4\/"]}]},{"@type":"WebSite","@id":"https:\/\/ekonseil-rh.fr\/#website","url":"https:\/\/ekonseil-rh.fr\/","name":"E- KONSEIL RH","description":"Notre exp\u00e9rience m\u00e8ne \u00e0 votre r\u00e9ussite","publisher":{"@id":"https:\/\/ekonseil-rh.fr\/#organization"},"potentialAction":[{"@type":"SearchAction","target":{"@type":"EntryPoint","urlTemplate":"https:\/\/ekonseil-rh.fr\/?s={search_term_string}"},"query-input":"required name=search_term_string"}],"inLanguage":"fr-FR"},{"@type":"Organization","@id":"https:\/\/ekonseil-rh.fr\/#organization","name":"E- KONSEIL RH","url":"https:\/\/ekonseil-rh.fr\/","logo":{"@type":"ImageObject","inLanguage":"fr-FR","@id":"https:\/\/ekonseil-rh.fr\/#\/schema\/logo\/image\/","url":"https:\/\/ekonseil-rh.fr\/wp-content\/uploads\/2024\/10\/Logo-E-KONSEIL-RH-Bleu-noir.png","contentUrl":"https:\/\/ekonseil-rh.fr\/wp-content\/uploads\/2024\/10\/Logo-E-KONSEIL-RH-Bleu-noir.png","width":2566,"height":864,"caption":"E- KONSEIL RH"},"image":{"@id":"https:\/\/ekonseil-rh.fr\/#\/schema\/logo\/image\/"},"sameAs":["https:\/\/www.facebook.com\/EKonseilRH\/","https:\/\/twitter.com\/ekonseilrh","https:\/\/fr.linkedin.com\/in\/laurence-derache-22766b30"]},{"@type":"Person","@id":"https:\/\/ekonseil-rh.fr\/#\/schema\/person\/ae40df95309441731cd1219d04a7630d","name":"E-KONSEIL RH","image":{"@type":"ImageObject","inLanguage":"fr-FR","@id":"https:\/\/ekonseil-rh.fr\/#\/schema\/person\/image\/","url":"https:\/\/secure.gravatar.com\/avatar\/d509340c0191282214e3820d1a128a39?s=96&d=blank&r=g","contentUrl":"https:\/\/secure.gravatar.com\/avatar\/d509340c0191282214e3820d1a128a39?s=96&d=blank&r=g","caption":"E-KONSEIL RH"},"sameAs":["https:\/\/www.ekonseil-rh.fr"]}]}},"_links":{"self":[{"href":"https:\/\/ekonseil-rh.fr\/wp_json\/wp\/v2\/posts\/2134"}],"collection":[{"href":"https:\/\/ekonseil-rh.fr\/wp_json\/wp\/v2\/posts"}],"about":[{"href":"https:\/\/ekonseil-rh.fr\/wp_json\/wp\/v2\/types\/post"}],"author":[{"embeddable":true,"href":"https:\/\/ekonseil-rh.fr\/wp_json\/wp\/v2\/users\/3"}],"replies":[{"embeddable":true,"href":"https:\/\/ekonseil-rh.fr\/wp_json\/wp\/v2\/comments?post=2134"}],"version-history":[{"count":0,"href":"https:\/\/ekonseil-rh.fr\/wp_json\/wp\/v2\/posts\/2134\/revisions"}],"wp:featuredmedia":[{"embeddable":true,"href":"https:\/\/ekonseil-rh.fr\/wp_json\/wp\/v2\/media\/2105"}],"wp:attachment":[{"href":"https:\/\/ekonseil-rh.fr\/wp_json\/wp\/v2\/media?parent=2134"}],"wp:term":[{"taxonomy":"category","embeddable":true,"href":"https:\/\/ekonseil-rh.fr\/wp_json\/wp\/v2\/categories?post=2134"},{"taxonomy":"post_tag","embeddable":true,"href":"https:\/\/ekonseil-rh.fr\/wp_json\/wp\/v2\/tags?post=2134"}],"curies":[{"name":"wp","href":"https:\/\/api.w.org\/{rel}","templated":true}]}}